{"id":175,"date":"2012-05-02T14:16:09","date_gmt":"2012-05-02T14:16:09","guid":{"rendered":"http:\/\/www.mandolin-tempo-bordeaux.fr\/?p=175"},"modified":"2012-05-02T21:29:17","modified_gmt":"2012-05-02T21:29:17","slug":"soiree-concert-du-5-mai-2012","status":"publish","type":"post","link":"http:\/\/www.mandolin-tempo-bordeaux.fr\/?p=175","title":{"rendered":"Soir\u00e9e concert  du 5 mai 2012"},"content":{"rendered":"<p style=\"text-align: center;\"><span style=\"color: #993366;\"><strong><em>Concert \u00e0 la salle Le Champ de Foire de St Andr\u00e9 de Cubzac \u00e0 18h30<\/em><\/strong><\/span><\/p>\n<p><span style=\"color: #333333;\">Ensembles invit\u00e9s :<\/span><\/p>\n<ul>\n<li><span style=\"color: #333333;\">Ensembles de mandolines de l&rsquo;\u00e9cole de musique Intercommunale du Cubzaguais<\/span><\/li>\n<li><span style=\"color: #333333;\">Ensemble Choral de Libourne<\/span><\/li>\n<\/ul>\n<p style=\"text-align: center;\"><span style=\"color: #333333;\">Une soir\u00e9e vari\u00e9e et un programme pour tous les go\u00fbts,<\/span><\/p>\n<p style=\"text-align: center;\"><span style=\"color: #333333;\">\u00e0 travers les \u00e9poques et les continents&#8230;<\/span><\/p>\n<div id=\"attachment_176\" style=\"width: 221px\" class=\"wp-caption aligncenter\"><a href=\"http:\/\/www.mandolin-tempo-bordeaux.fr\/wp-content\/uploads\/2012\/05\/web_ecl-mandolin-affiche2012-1.jpg\"><img loading=\"lazy\" decoding=\"async\" aria-describedby=\"caption-attachment-176\" class=\"size-medium wp-image-176\" title=\"web_ecl-mandolin-affiche2012-1\" src=\"http:\/\/www.mandolin-tempo-bordeaux.fr\/wp-content\/uploads\/2012\/05\/web_ecl-mandolin-affiche2012-1-211x300.jpg\" alt=\"concert mai 2012\" width=\"211\" height=\"300\" srcset=\"http:\/\/www.mandolin-tempo-bordeaux.fr\/wp-content\/uploads\/2012\/05\/web_ecl-mandolin-affiche2012-1-211x300.jpg 211w, http:\/\/www.mandolin-tempo-bordeaux.fr\/wp-content\/uploads\/2012\/05\/web_ecl-mandolin-affiche2012-1.jpg 565w\" sizes=\"auto, (max-width: 211px) 100vw, 211px\" \/><\/a><p id=\"caption-attachment-176\" class=\"wp-caption-text\">affiche concert<\/p><\/div>\n","protected":false},"excerpt":{"rendered":"<p>Concert \u00e0 la salle Le Champ de Foire de St Andr\u00e9 de Cubzac \u00e0 18h30 Ensembles invit\u00e9s : Ensembles de mandolines de l&rsquo;\u00e9cole de musique Intercommunale du Cubzaguais Ensemble Choral de Libourne Une soir\u00e9e vari\u00e9e et un programme pour tous &hellip; <a href=\"http:\/\/www.mandolin-tempo-bordeaux.fr\/?p=175\">Continuer la lecture <span class=\"meta-nav\">&rarr;<\/span><\/a><\/p>\n","protected":false},"author":3,"featured_media":0,"comment_status":"open","ping_status":"open","sticky":false,"template":"","format":"standard","meta":{"ngg_post_thumbnail":0,"footnotes":""},"categories":[9],"tags":[],"class_list":["post-175","post","type-post","status-publish","format-standard","hentry","category-concerts"],"_links":{"self":[{"href":"http:\/\/www.mandolin-tempo-bordeaux.fr\/index.php?rest_route=\/wp\/v2\/posts\/175","targetHints":{"allow":["GET"]}}],"collection":[{"href":"http:\/\/www.mandolin-tempo-bordeaux.fr\/index.php?rest_route=\/wp\/v2\/posts"}],"about":[{"href":"http:\/\/www.mandolin-tempo-bordeaux.fr\/index.php?rest_route=\/wp\/v2\/types\/post"}],"author":[{"embeddable":true,"href":"http:\/\/www.mandolin-tempo-bordeaux.fr\/index.php?rest_route=\/wp\/v2\/users\/3"}],"replies":[{"embeddable":true,"href":"http:\/\/www.mandolin-tempo-bordeaux.fr\/index.php?rest_route=%2Fwp%2Fv2%2Fcomments&post=175"}],"version-history":[{"count":22,"href":"http:\/\/www.mandolin-tempo-bordeaux.fr\/index.php?rest_route=\/wp\/v2\/posts\/175\/revisions"}],"predecessor-version":[{"id":194,"href":"http:\/\/www.mandolin-tempo-bordeaux.fr\/index.php?rest_route=\/wp\/v2\/posts\/175\/revisions\/194"}],"wp:attachment":[{"href":"http:\/\/www.mandolin-tempo-bordeaux.fr\/index.php?rest_route=%2Fwp%2Fv2%2Fmedia&parent=175"}],"wp:term":[{"taxonomy":"category","embeddable":true,"href":"http:\/\/www.mandolin-tempo-bordeaux.fr\/index.php?rest_route=%2Fwp%2Fv2%2Fcategories&post=175"},{"taxonomy":"post_tag","embeddable":true,"href":"http:\/\/www.mandolin-tempo-bordeaux.fr\/index.php?rest_route=%2Fwp%2Fv2%2Ftags&post=175"}],"curies":[{"name":"wp","href":"https:\/\/api.w.org\/{rel}","templated":true}]}}