{"id":260,"date":"2012-05-19T07:28:18","date_gmt":"2012-05-19T07:28:18","guid":{"rendered":"http:\/\/www.mandolin-tempo-bordeaux.fr\/?p=260"},"modified":"2012-05-19T07:28:18","modified_gmt":"2012-05-19T07:28:18","slug":"le-calendrier-des-concerts-du-mois-de-juin","status":"publish","type":"post","link":"http:\/\/www.mandolin-tempo-bordeaux.fr\/?p=260","title":{"rendered":"Le calendrier des concerts du mois de juin"},"content":{"rendered":"<p>&nbsp;<\/p>\n<p><span style=\"color: #003366;\"><strong><em>2 concerts pr\u00e9vus\u00a0<\/em><\/strong><\/span><\/p>\n<ul>\n<li><span style=\"color: #003366;\"><strong><em>1er juin au Fort du H\u00e2 \u00e0 Bordeaux, un concert de solidarit\u00e9 pour Ha\u00efti regroupant 3 chorales et Mandol&rsquo;In Tempo.<\/em><\/strong><\/span><\/li>\n<\/ul>\n<p style=\"text-align: center;\">\n<a href=\"http:\/\/www.mandolin-tempo-bordeaux.fr\/wp-content\/uploads\/2012\/05\/aff-Haiti.jpg\"><img loading=\"lazy\" decoding=\"async\" class=\"aligncenter size-medium wp-image-262\" title=\"solidarit\u00e9\" src=\"http:\/\/www.mandolin-tempo-bordeaux.fr\/wp-content\/uploads\/2012\/05\/aff-Haiti-211x300.jpg\" alt=\"\" width=\"211\" height=\"300\" srcset=\"http:\/\/www.mandolin-tempo-bordeaux.fr\/wp-content\/uploads\/2012\/05\/aff-Haiti-211x300.jpg 211w, http:\/\/www.mandolin-tempo-bordeaux.fr\/wp-content\/uploads\/2012\/05\/aff-Haiti.jpg 565w\" sizes=\"auto, (max-width: 211px) 100vw, 211px\" \/><\/a><\/p>\n<ul>\n<li><span style=\"color: #003366;\"><em><strong>8 juin \u00e0 l&rsquo;\u00e9glise St Ferdinand de Libourne, concert avec l&rsquo;Ensemble Choral<\/strong><\/em><\/span><\/li>\n<\/ul>\n<div>\n<div id=\"attachment_268\" style=\"width: 575px\" class=\"wp-caption aligncenter\"><a href=\"http:\/\/www.mandolin-tempo-bordeaux.fr\/wp-content\/uploads\/2012\/05\/affiche-WEB-LIBOURNE.jpg\"><img loading=\"lazy\" decoding=\"async\" aria-describedby=\"caption-attachment-268\" class=\"size-full wp-image-268\" title=\"affiche WEB LIBOURNE\" src=\"http:\/\/www.mandolin-tempo-bordeaux.fr\/wp-content\/uploads\/2012\/05\/affiche-WEB-LIBOURNE.jpg\" alt=\"\" width=\"565\" height=\"800\" srcset=\"http:\/\/www.mandolin-tempo-bordeaux.fr\/wp-content\/uploads\/2012\/05\/affiche-WEB-LIBOURNE.jpg 565w, http:\/\/www.mandolin-tempo-bordeaux.fr\/wp-content\/uploads\/2012\/05\/affiche-WEB-LIBOURNE-211x300.jpg 211w\" sizes=\"auto, (max-width: 565px) 100vw, 565px\" \/><\/a><p id=\"caption-attachment-268\" class=\"wp-caption-text\">Libourne<\/p><\/div>\n<\/div>\n<p>&nbsp;<\/p>\n<p>&nbsp;<\/p>\n","protected":false},"excerpt":{"rendered":"<p>&nbsp; 2 concerts pr\u00e9vus\u00a0 1er juin au Fort du H\u00e2 \u00e0 Bordeaux, un concert de solidarit\u00e9 pour Ha\u00efti regroupant 3 chorales et Mandol&rsquo;In Tempo. 8 juin \u00e0 l&rsquo;\u00e9glise St Ferdinand de Libourne, concert avec l&rsquo;Ensemble Choral &nbsp; &nbsp;<\/p>\n","protected":false},"author":3,"featured_media":0,"comment_status":"open","ping_status":"open","sticky":false,"template":"","format":"standard","meta":{"ngg_post_thumbnail":0,"footnotes":""},"categories":[9],"tags":[],"class_list":["post-260","post","type-post","status-publish","format-standard","hentry","category-concerts"],"_links":{"self":[{"href":"http:\/\/www.mandolin-tempo-bordeaux.fr\/index.php?rest_route=\/wp\/v2\/posts\/260","targetHints":{"allow":["GET"]}}],"collection":[{"href":"http:\/\/www.mandolin-tempo-bordeaux.fr\/index.php?rest_route=\/wp\/v2\/posts"}],"about":[{"href":"http:\/\/www.mandolin-tempo-bordeaux.fr\/index.php?rest_route=\/wp\/v2\/types\/post"}],"author":[{"embeddable":true,"href":"http:\/\/www.mandolin-tempo-bordeaux.fr\/index.php?rest_route=\/wp\/v2\/users\/3"}],"replies":[{"embeddable":true,"href":"http:\/\/www.mandolin-tempo-bordeaux.fr\/index.php?rest_route=%2Fwp%2Fv2%2Fcomments&post=260"}],"version-history":[{"count":3,"href":"http:\/\/www.mandolin-tempo-bordeaux.fr\/index.php?rest_route=\/wp\/v2\/posts\/260\/revisions"}],"predecessor-version":[{"id":270,"href":"http:\/\/www.mandolin-tempo-bordeaux.fr\/index.php?rest_route=\/wp\/v2\/posts\/260\/revisions\/270"}],"wp:attachment":[{"href":"http:\/\/www.mandolin-tempo-bordeaux.fr\/index.php?rest_route=%2Fwp%2Fv2%2Fmedia&parent=260"}],"wp:term":[{"taxonomy":"category","embeddable":true,"href":"http:\/\/www.mandolin-tempo-bordeaux.fr\/index.php?rest_route=%2Fwp%2Fv2%2Fcategories&post=260"},{"taxonomy":"post_tag","embeddable":true,"href":"http:\/\/www.mandolin-tempo-bordeaux.fr\/index.php?rest_route=%2Fwp%2Fv2%2Ftags&post=260"}],"curies":[{"name":"wp","href":"https:\/\/api.w.org\/{rel}","templated":true}]}}