{"id":295,"date":"2012-10-30T21:27:56","date_gmt":"2012-10-30T21:27:56","guid":{"rendered":"http:\/\/www.mandolin-tempo-bordeaux.fr\/?p=295"},"modified":"2012-10-30T21:30:52","modified_gmt":"2012-10-30T21:30:52","slug":"stage-de-cordes-pincees-sur-st-andre-de-cubzac","status":"publish","type":"post","link":"http:\/\/www.mandolin-tempo-bordeaux.fr\/?p=295","title":{"rendered":"Stage de cordes pinc\u00e9es sur St Andr\u00e9 de Cubzac"},"content":{"rendered":"<p style=\"text-align: center;\"><strong><span style=\"color: #003366;\"><em>La Communaut\u00e9 de Commune du Cubzaguais organise un week-end stage autour des cordes pinc\u00e9es sous la direction de Florentino Calvo, <\/em><\/span><\/strong><\/p>\n<p style=\"text-align: center;\"><strong><span style=\"color: #003366;\"><em>les samedi 3 et dimanche 4 novembre 2012 au ch\u00e2teau Robillard \u00a0 \u00a0 \u00a0 \u00a0 \u00a0 \u00a0 \u00a0 \u00a0 \u00a0 \u00a0 \u00a0 \u00a0 \u00a0 \u00a0 \u00a0 \u00a0\u00a0<\/em><\/span><\/strong><strong><span style=\"color: #003366;\"><em>\u00e0 st Andr\u00e9 de Cubzac.<\/em><\/span><\/strong><\/p>\n<p><span style=\"text-decoration: underline;\"><em><strong><span style=\"color: #330000; text-decoration: underline;\">ET DES CONCERTS<\/span><\/strong><\/em><\/span><\/p>\n<p><span style=\"color: #330000;\"><strong><em>Samedi 03\/11 \u00e0 21H &#8211; Eglise de St Laurent d&rsquo;Arce<\/em><\/strong><\/span><\/p>\n<ul>\n<li><span style=\"color: #330000;\"><strong><em>R\u00e9cital guitares &#8211; DUO PALISSANDRE \u00a0<\/em><\/strong><\/span><\/li>\n<li><span style=\"color: #330000;\"><strong><em>R\u00e9cital mandolines &#8211; Annick Robergeau, Florentino Calvo<\/em><\/strong><\/span><\/li>\n<\/ul>\n<p><span style=\"color: #330000;\"><strong><em>Dimanche 04\/11 &#8211; 17H30<\/em><\/strong><\/span><\/p>\n<ul>\n<li><span style=\"color: #330000;\"><strong><em>Concert de l&rsquo;Orchestre A Plectres du Sud-Ouest (OAPSO) sous la direction de Florentino Calvo<\/em><\/strong><\/span><\/li>\n<\/ul>\n<div style=\"text-align: center;\"><\/div>\n<div style=\"text-align: center;\"><em><strong><span style=\"color: #003366;\"><span style=\"color: #003366;\">Mandol&rsquo;In Tempo est partenaire de la manifestation<\/span><\/span><\/strong><\/em><\/div>\n<div style=\"text-align: center;\"><\/div>\n<p style=\"text-align: center;\"><a href=\"http:\/\/www.mandolin-tempo-bordeaux.fr\/wp-content\/uploads\/2012\/10\/stageweb1.png\"><img loading=\"lazy\" decoding=\"async\" class=\"wp-image-298 aligncenter\" title=\"stageweb\" src=\"http:\/\/www.mandolin-tempo-bordeaux.fr\/wp-content\/uploads\/2012\/10\/stageweb1.png\" alt=\"\" width=\"356\" height=\"763\" \/><\/a><\/p>\n<p style=\"text-align: center;\"><a href=\"http:\/\/www.mandolin-tempo-bordeaux.fr\/wp-content\/uploads\/2012\/10\/Stageweb11.png\"><img loading=\"lazy\" decoding=\"async\" class=\"wp-image-299 aligncenter\" title=\"Stageweb1\" src=\"http:\/\/www.mandolin-tempo-bordeaux.fr\/wp-content\/uploads\/2012\/10\/Stageweb11.png\" alt=\"\" width=\"732\" height=\"766\" srcset=\"http:\/\/www.mandolin-tempo-bordeaux.fr\/wp-content\/uploads\/2012\/10\/Stageweb11.png 813w, http:\/\/www.mandolin-tempo-bordeaux.fr\/wp-content\/uploads\/2012\/10\/Stageweb11-286x300.png 286w\" sizes=\"auto, (max-width: 732px) 100vw, 732px\" \/><\/a><\/p>\n","protected":false},"excerpt":{"rendered":"<p>La Communaut\u00e9 de Commune du Cubzaguais organise un week-end stage autour des cordes pinc\u00e9es sous la direction de Florentino Calvo, les samedi 3 et dimanche 4 novembre 2012 au ch\u00e2teau Robillard \u00a0 \u00a0 \u00a0 \u00a0 \u00a0 \u00a0 \u00a0 \u00a0 \u00a0 &hellip; <a href=\"http:\/\/www.mandolin-tempo-bordeaux.fr\/?p=295\">Continuer la lecture <span class=\"meta-nav\">&rarr;<\/span><\/a><\/p>\n","protected":false},"author":3,"featured_media":0,"comment_status":"open","ping_status":"open","sticky":false,"template":"","format":"standard","meta":{"ngg_post_thumbnail":0,"footnotes":""},"categories":[5],"tags":[],"class_list":["post-295","post","type-post","status-publish","format-standard","hentry","category-divers"],"_links":{"self":[{"href":"http:\/\/www.mandolin-tempo-bordeaux.fr\/index.php?rest_route=\/wp\/v2\/posts\/295","targetHints":{"allow":["GET"]}}],"collection":[{"href":"http:\/\/www.mandolin-tempo-bordeaux.fr\/index.php?rest_route=\/wp\/v2\/posts"}],"about":[{"href":"http:\/\/www.mandolin-tempo-bordeaux.fr\/index.php?rest_route=\/wp\/v2\/types\/post"}],"author":[{"embeddable":true,"href":"http:\/\/www.mandolin-tempo-bordeaux.fr\/index.php?rest_route=\/wp\/v2\/users\/3"}],"replies":[{"embeddable":true,"href":"http:\/\/www.mandolin-tempo-bordeaux.fr\/index.php?rest_route=%2Fwp%2Fv2%2Fcomments&post=295"}],"version-history":[{"count":4,"href":"http:\/\/www.mandolin-tempo-bordeaux.fr\/index.php?rest_route=\/wp\/v2\/posts\/295\/revisions"}],"predecessor-version":[{"id":304,"href":"http:\/\/www.mandolin-tempo-bordeaux.fr\/index.php?rest_route=\/wp\/v2\/posts\/295\/revisions\/304"}],"wp:attachment":[{"href":"http:\/\/www.mandolin-tempo-bordeaux.fr\/index.php?rest_route=%2Fwp%2Fv2%2Fmedia&parent=295"}],"wp:term":[{"taxonomy":"category","embeddable":true,"href":"http:\/\/www.mandolin-tempo-bordeaux.fr\/index.php?rest_route=%2Fwp%2Fv2%2Fcategories&post=295"},{"taxonomy":"post_tag","embeddable":true,"href":"http:\/\/www.mandolin-tempo-bordeaux.fr\/index.php?rest_route=%2Fwp%2Fv2%2Ftags&post=295"}],"curies":[{"name":"wp","href":"https:\/\/api.w.org\/{rel}","templated":true}]}}