{"id":307,"date":"2013-01-24T21:42:17","date_gmt":"2013-01-24T21:42:17","guid":{"rendered":"http:\/\/www.mandolin-tempo-bordeaux.fr\/?p=307"},"modified":"2013-01-24T22:47:43","modified_gmt":"2013-01-24T22:47:43","slug":"nouvelle-direction-de-lensemble-depuis-le-mois-doctobre","status":"publish","type":"post","link":"http:\/\/www.mandolin-tempo-bordeaux.fr\/?p=307","title":{"rendered":"Nouvelle direction de l&rsquo;Ensemble depuis le mois d&rsquo;octobre"},"content":{"rendered":"<p style=\"text-align: center;\"><strong><span style=\"color: #003366;\">Jean-Luc Rocchietti <span style=\"color: #993300;\">*<\/span> dirige\u00a0dor\u00e9navant\u00a0 l&rsquo;Ensemble Mandol&rsquo;In Tempo.<\/span><\/strong><\/p>\n<div id=\"attachment_314\" style=\"width: 310px\" class=\"wp-caption aligncenter\"><a href=\"http:\/\/www.mandolin-tempo-bordeaux.fr\/wp-content\/uploads\/2013\/01\/Photo-Jean-luc-Ro.jpg\"><img loading=\"lazy\" decoding=\"async\" aria-describedby=\"caption-attachment-314\" class=\"size-full wp-image-314\" title=\"Photo Jean luc Rocchietti\" src=\"http:\/\/www.mandolin-tempo-bordeaux.fr\/wp-content\/uploads\/2013\/01\/Photo-Jean-luc-Ro.jpg\" alt=\"\" width=\"300\" height=\"333\" srcset=\"http:\/\/www.mandolin-tempo-bordeaux.fr\/wp-content\/uploads\/2013\/01\/Photo-Jean-luc-Ro.jpg 300w, http:\/\/www.mandolin-tempo-bordeaux.fr\/wp-content\/uploads\/2013\/01\/Photo-Jean-luc-Ro-270x300.jpg 270w\" sizes=\"auto, (max-width: 300px) 100vw, 300px\" \/><\/a><p id=\"caption-attachment-314\" class=\"wp-caption-text\">Nouvelle direction de Mandol&#39;In Tempo<\/p><\/div>\n<p style=\"text-align: left;\"><strong><span style=\"color: #003366;\">Nous abordons un programme compl\u00e8tement renouvel\u00e9 pour cette nouvelle saison.<\/span><\/strong><\/p>\n<p><strong><span style=\"color: #003366;\">2 prochains rendez-vous musicaux<\/span><\/strong><\/p>\n<ul>\n<li><strong><span style=\"color: #003366;\">23 f\u00e9vrier &#8211; 17 h \u00e0 Tarn\u00e8s avec l&rsquo;association Patrimoine Culture et Loisirs<\/span><\/strong><\/li>\n<li><strong><span style=\"color: #003366;\">23 mars &#8211; 14 h 30 \u00e0 Bordeaux avec les Amis du Grand Th\u00e9\u00e2tre<\/span><\/strong><\/li>\n<\/ul>\n<div style=\"text-align: right;\"><strong><span style=\"color: #993300;\"><em>* voir dans les liens le portrait de Jean-Luc<\/em><\/span><\/strong><\/div>\n<div style=\"text-align: right;\"><\/div>\n","protected":false},"excerpt":{"rendered":"<p>Jean-Luc Rocchietti * dirige\u00a0dor\u00e9navant\u00a0 l&rsquo;Ensemble Mandol&rsquo;In Tempo. Nous abordons un programme compl\u00e8tement renouvel\u00e9 pour cette nouvelle saison. 2 prochains rendez-vous musicaux 23 f\u00e9vrier &#8211; 17 h \u00e0 Tarn\u00e8s avec l&rsquo;association Patrimoine Culture et Loisirs 23 mars &#8211; 14 h 30 &hellip; <a href=\"http:\/\/www.mandolin-tempo-bordeaux.fr\/?p=307\">Continuer la lecture <span class=\"meta-nav\">&rarr;<\/span><\/a><\/p>\n","protected":false},"author":3,"featured_media":0,"comment_status":"open","ping_status":"open","sticky":false,"template":"","format":"standard","meta":{"ngg_post_thumbnail":0,"footnotes":""},"categories":[1],"tags":[],"class_list":["post-307","post","type-post","status-publish","format-standard","hentry","category-photos"],"_links":{"self":[{"href":"http:\/\/www.mandolin-tempo-bordeaux.fr\/index.php?rest_route=\/wp\/v2\/posts\/307","targetHints":{"allow":["GET"]}}],"collection":[{"href":"http:\/\/www.mandolin-tempo-bordeaux.fr\/index.php?rest_route=\/wp\/v2\/posts"}],"about":[{"href":"http:\/\/www.mandolin-tempo-bordeaux.fr\/index.php?rest_route=\/wp\/v2\/types\/post"}],"author":[{"embeddable":true,"href":"http:\/\/www.mandolin-tempo-bordeaux.fr\/index.php?rest_route=\/wp\/v2\/users\/3"}],"replies":[{"embeddable":true,"href":"http:\/\/www.mandolin-tempo-bordeaux.fr\/index.php?rest_route=%2Fwp%2Fv2%2Fcomments&post=307"}],"version-history":[{"count":8,"href":"http:\/\/www.mandolin-tempo-bordeaux.fr\/index.php?rest_route=\/wp\/v2\/posts\/307\/revisions"}],"predecessor-version":[{"id":327,"href":"http:\/\/www.mandolin-tempo-bordeaux.fr\/index.php?rest_route=\/wp\/v2\/posts\/307\/revisions\/327"}],"wp:attachment":[{"href":"http:\/\/www.mandolin-tempo-bordeaux.fr\/index.php?rest_route=%2Fwp%2Fv2%2Fmedia&parent=307"}],"wp:term":[{"taxonomy":"category","embeddable":true,"href":"http:\/\/www.mandolin-tempo-bordeaux.fr\/index.php?rest_route=%2Fwp%2Fv2%2Fcategories&post=307"},{"taxonomy":"post_tag","embeddable":true,"href":"http:\/\/www.mandolin-tempo-bordeaux.fr\/index.php?rest_route=%2Fwp%2Fv2%2Ftags&post=307"}],"curies":[{"name":"wp","href":"https:\/\/api.w.org\/{rel}","templated":true}]}}