{"id":317,"date":"2013-01-24T22:24:05","date_gmt":"2013-01-24T22:24:05","guid":{"rendered":"http:\/\/www.mandolin-tempo-bordeaux.fr\/?p=317"},"modified":"2013-01-24T22:48:09","modified_gmt":"2013-01-24T22:48:09","slug":"repetition-de-mardi-soir","status":"publish","type":"post","link":"http:\/\/www.mandolin-tempo-bordeaux.fr\/?p=317","title":{"rendered":"R\u00e9p\u00e9tition de mardi soir"},"content":{"rendered":"<p style=\"text-align: center;\"><span style=\"color: #003366;\"><strong>Une soir\u00e9e pas comme les autres&#8230; <\/strong><\/span><\/p>\n<p style=\"text-align: center;\"><span style=\"color: #003366;\"><strong>Bienvenue \u00e0 Monique, contrebassiste qui rejoint Mandol&rsquo;In Tempo.\u00a0<\/strong><\/span><\/p>\n<p style=\"text-align: center;\"><strong style=\"color: #003366;\">Et puis premi\u00e8re r\u00e9p\u00e9tition\u00a0<\/strong><strong style=\"color: #003366;\">avec \u00a0les artistes\u00a0<\/strong><\/p>\n<p style=\"text-align: center;\"><a href=\"http:\/\/www.mandolin-tempo-bordeaux.fr\/wp-content\/uploads\/2013\/01\/R\u00e9p\u00e9tition-Soprano1.jpg\"><img loading=\"lazy\" decoding=\"async\" class=\"aligncenter size-full wp-image-319\" title=\"R\u00e9p\u00e9tition Soprano\" src=\"http:\/\/www.mandolin-tempo-bordeaux.fr\/wp-content\/uploads\/2013\/01\/R\u00e9p\u00e9tition-Soprano1.jpg\" alt=\"\" width=\"750\" height=\"372\" srcset=\"http:\/\/www.mandolin-tempo-bordeaux.fr\/wp-content\/uploads\/2013\/01\/R\u00e9p\u00e9tition-Soprano1.jpg 750w, http:\/\/www.mandolin-tempo-bordeaux.fr\/wp-content\/uploads\/2013\/01\/R\u00e9p\u00e9tition-Soprano1-300x148.jpg 300w, http:\/\/www.mandolin-tempo-bordeaux.fr\/wp-content\/uploads\/2013\/01\/R\u00e9p\u00e9tition-Soprano1-500x248.jpg 500w\" sizes=\"auto, (max-width: 750px) 100vw, 750px\" \/><\/a><\/p>\n<p style=\"text-align: center; padding-left: 30px;\"><strong style=\"color: #003366;\"><strong>Arlette Da Costa, Soprano dans le choeur de l&rsquo;Op\u00e9ra National de Bordeaux <\/strong><\/strong><\/p>\n<p style=\"text-align: center; padding-left: 30px;\"><strong style=\"color: #003366;\"><strong>et Vice-Pr\u00e9sidente des Amis du Grand Th\u00e9\u00e2tre\u00a0<\/strong><\/strong><\/p>\n<p style=\"text-align: center;\"><a href=\"http:\/\/www.mandolin-tempo-bordeaux.fr\/wp-content\/uploads\/2013\/01\/r\u00e9p\u00e9tition-Tenor.jpg\"><img loading=\"lazy\" decoding=\"async\" class=\"aligncenter size-full wp-image-320\" title=\"r\u00e9p\u00e9tition Tenor\" src=\"http:\/\/www.mandolin-tempo-bordeaux.fr\/wp-content\/uploads\/2013\/01\/r\u00e9p\u00e9tition-Tenor.jpg\" alt=\"\" width=\"750\" height=\"338\" srcset=\"http:\/\/www.mandolin-tempo-bordeaux.fr\/wp-content\/uploads\/2013\/01\/r\u00e9p\u00e9tition-Tenor.jpg 750w, http:\/\/www.mandolin-tempo-bordeaux.fr\/wp-content\/uploads\/2013\/01\/r\u00e9p\u00e9tition-Tenor-300x135.jpg 300w, http:\/\/www.mandolin-tempo-bordeaux.fr\/wp-content\/uploads\/2013\/01\/r\u00e9p\u00e9tition-Tenor-500x225.jpg 500w\" sizes=\"auto, (max-width: 750px) 100vw, 750px\" \/><\/a><\/p>\n<p style=\"text-align: center;\"><span style=\"color: #003366;\"><strong>\u00a0 Nicolas Pasquier, T\u00e9nor\u00a0<strong><strong>\u00a0dans le choeur de l&rsquo;Op\u00e9ra National de Bordeaux<\/strong><\/strong><\/strong><\/span><\/p>\n<h2 style=\"text-align: center;\"><em><strong><span style=\"color: #ff0000;\">Attention ! concert sur r\u00e9servation uniquement. \u00a0 \u00a0 \u00a0 \u00a0 \u00a0 \u00a0 \u00a0 \u00a0 \u00a0 \u00a0 \u00a0 \u00a0 \u00a0 \u00a0 \u00a0 \u00a0 \u00a0 \u00a0 \u00a0 \u00a0 \u00a0 \u00a0 \u00a0 \u00a0 \u00a0 \u00a0Pensez \u00e0 r\u00e9server d\u00e8s maintenant vos places au 06 19 72 17 59 \u00a0<\/span><\/strong><\/em><\/h2>\n<h2 style=\"text-align: center;\"><em><strong><span style=\"color: #ff0000;\">Prix des places 10\u20ac<\/span><\/strong><\/em><\/h2>\n","protected":false},"excerpt":{"rendered":"<p>Une soir\u00e9e pas comme les autres&#8230; Bienvenue \u00e0 Monique, contrebassiste qui rejoint Mandol&rsquo;In Tempo.\u00a0 Et puis premi\u00e8re r\u00e9p\u00e9tition\u00a0avec \u00a0les artistes\u00a0 Arlette Da Costa, Soprano dans le choeur de l&rsquo;Op\u00e9ra National de Bordeaux et Vice-Pr\u00e9sidente des Amis du Grand Th\u00e9\u00e2tre\u00a0 \u00a0 &hellip; <a href=\"http:\/\/www.mandolin-tempo-bordeaux.fr\/?p=317\">Continuer la lecture <span class=\"meta-nav\">&rarr;<\/span><\/a><\/p>\n","protected":false},"author":3,"featured_media":0,"comment_status":"open","ping_status":"open","sticky":false,"template":"","format":"standard","meta":{"ngg_post_thumbnail":0,"footnotes":""},"categories":[1],"tags":[],"class_list":["post-317","post","type-post","status-publish","format-standard","hentry","category-photos"],"_links":{"self":[{"href":"http:\/\/www.mandolin-tempo-bordeaux.fr\/index.php?rest_route=\/wp\/v2\/posts\/317","targetHints":{"allow":["GET"]}}],"collection":[{"href":"http:\/\/www.mandolin-tempo-bordeaux.fr\/index.php?rest_route=\/wp\/v2\/posts"}],"about":[{"href":"http:\/\/www.mandolin-tempo-bordeaux.fr\/index.php?rest_route=\/wp\/v2\/types\/post"}],"author":[{"embeddable":true,"href":"http:\/\/www.mandolin-tempo-bordeaux.fr\/index.php?rest_route=\/wp\/v2\/users\/3"}],"replies":[{"embeddable":true,"href":"http:\/\/www.mandolin-tempo-bordeaux.fr\/index.php?rest_route=%2Fwp%2Fv2%2Fcomments&post=317"}],"version-history":[{"count":6,"href":"http:\/\/www.mandolin-tempo-bordeaux.fr\/index.php?rest_route=\/wp\/v2\/posts\/317\/revisions"}],"predecessor-version":[{"id":328,"href":"http:\/\/www.mandolin-tempo-bordeaux.fr\/index.php?rest_route=\/wp\/v2\/posts\/317\/revisions\/328"}],"wp:attachment":[{"href":"http:\/\/www.mandolin-tempo-bordeaux.fr\/index.php?rest_route=%2Fwp%2Fv2%2Fmedia&parent=317"}],"wp:term":[{"taxonomy":"category","embeddable":true,"href":"http:\/\/www.mandolin-tempo-bordeaux.fr\/index.php?rest_route=%2Fwp%2Fv2%2Fcategories&post=317"},{"taxonomy":"post_tag","embeddable":true,"href":"http:\/\/www.mandolin-tempo-bordeaux.fr\/index.php?rest_route=%2Fwp%2Fv2%2Ftags&post=317"}],"curies":[{"name":"wp","href":"https:\/\/api.w.org\/{rel}","templated":true}]}}