{"id":331,"date":"2013-02-22T00:02:57","date_gmt":"2013-02-22T00:02:57","guid":{"rendered":"http:\/\/www.mandolin-tempo-bordeaux.fr\/?p=331"},"modified":"2013-02-22T00:02:57","modified_gmt":"2013-02-22T00:02:57","slug":"concert-a-tarnes","status":"publish","type":"post","link":"http:\/\/www.mandolin-tempo-bordeaux.fr\/?p=331","title":{"rendered":"Concert \u00e0 Tarn\u00e8s"},"content":{"rendered":"<p style=\"text-align: center;\"><span style=\"color: #003366;\"><em><strong>L&rsquo;ensemble Mandol&rsquo;In Tempo vous convie au concert donn\u00e9 <\/strong><\/em><\/span><\/p>\n<p style=\"text-align: center;\"><span style=\"color: #003366;\"><em><strong>le samedi 23 f\u00e9vrier \u00e0 17 heures, \u00e0 l&rsquo;\u00e9glise de Tarn\u00e8s (canton de Fronsac)<\/strong><\/em><\/span><\/p>\n<p style=\"text-align: justify;\"><span style=\"color: #003366;\"><em><strong>Florence Lipps et Coraline Berrouet accompagneront l&rsquo;ensemble Mandol&rsquo;In Tempo \u00e0 la fl\u00fbte traversi\u00e8re sur les morceaux de fado et les napolitains&#8230;.<\/strong><\/em><\/span><\/p>\n<p style=\"text-align: center;\"><span style=\"color: #003366;\"><em><strong>Entr\u00e9e\u00a0: 8 \u20ac pour les adultes, gratuit \u00a0pour les enfants jusqu\u2019\u00e0 12 ans.<\/strong><\/em><\/span><\/p>\n","protected":false},"excerpt":{"rendered":"<p>L&rsquo;ensemble Mandol&rsquo;In Tempo vous convie au concert donn\u00e9 le samedi 23 f\u00e9vrier \u00e0 17 heures, \u00e0 l&rsquo;\u00e9glise de Tarn\u00e8s (canton de Fronsac) Florence Lipps et Coraline Berrouet accompagneront l&rsquo;ensemble Mandol&rsquo;In Tempo \u00e0 la fl\u00fbte traversi\u00e8re sur les morceaux de fado &hellip; <a href=\"http:\/\/www.mandolin-tempo-bordeaux.fr\/?p=331\">Continuer la lecture <span class=\"meta-nav\">&rarr;<\/span><\/a><\/p>\n","protected":false},"author":3,"featured_media":0,"comment_status":"open","ping_status":"open","sticky":false,"template":"","format":"standard","meta":{"ngg_post_thumbnail":0,"footnotes":""},"categories":[9],"tags":[],"class_list":["post-331","post","type-post","status-publish","format-standard","hentry","category-concerts"],"_links":{"self":[{"href":"http:\/\/www.mandolin-tempo-bordeaux.fr\/index.php?rest_route=\/wp\/v2\/posts\/331","targetHints":{"allow":["GET"]}}],"collection":[{"href":"http:\/\/www.mandolin-tempo-bordeaux.fr\/index.php?rest_route=\/wp\/v2\/posts"}],"about":[{"href":"http:\/\/www.mandolin-tempo-bordeaux.fr\/index.php?rest_route=\/wp\/v2\/types\/post"}],"author":[{"embeddable":true,"href":"http:\/\/www.mandolin-tempo-bordeaux.fr\/index.php?rest_route=\/wp\/v2\/users\/3"}],"replies":[{"embeddable":true,"href":"http:\/\/www.mandolin-tempo-bordeaux.fr\/index.php?rest_route=%2Fwp%2Fv2%2Fcomments&post=331"}],"version-history":[{"count":2,"href":"http:\/\/www.mandolin-tempo-bordeaux.fr\/index.php?rest_route=\/wp\/v2\/posts\/331\/revisions"}],"predecessor-version":[{"id":333,"href":"http:\/\/www.mandolin-tempo-bordeaux.fr\/index.php?rest_route=\/wp\/v2\/posts\/331\/revisions\/333"}],"wp:attachment":[{"href":"http:\/\/www.mandolin-tempo-bordeaux.fr\/index.php?rest_route=%2Fwp%2Fv2%2Fmedia&parent=331"}],"wp:term":[{"taxonomy":"category","embeddable":true,"href":"http:\/\/www.mandolin-tempo-bordeaux.fr\/index.php?rest_route=%2Fwp%2Fv2%2Fcategories&post=331"},{"taxonomy":"post_tag","embeddable":true,"href":"http:\/\/www.mandolin-tempo-bordeaux.fr\/index.php?rest_route=%2Fwp%2Fv2%2Ftags&post=331"}],"curies":[{"name":"wp","href":"https:\/\/api.w.org\/{rel}","templated":true}]}}