{"id":359,"date":"2013-04-01T21:53:50","date_gmt":"2013-04-01T21:53:50","guid":{"rendered":"http:\/\/www.mandolin-tempo-bordeaux.fr\/?p=359"},"modified":"2013-04-01T21:53:50","modified_gmt":"2013-04-01T21:53:50","slug":"mandolin-tempo-a-lopera-de-bordeaux","status":"publish","type":"post","link":"http:\/\/www.mandolin-tempo-bordeaux.fr\/?p=359","title":{"rendered":"Mandol&rsquo;In Tempo \u00e0 l&rsquo;op\u00e9ra de Bordeaux"},"content":{"rendered":"<p style=\"text-align: center;\"><em><span style=\"color: #003366;\"><strong>L&rsquo;arriv\u00e9e au Grand-Th\u00e9\u00e2tre&#8230; entr\u00e9e de artistes&#8230; c&rsquo;est pour nous aujourd&rsquo;hui !<\/strong><\/span><\/em><\/p>\n<div id=\"attachment_360\" style=\"width: 490px\" class=\"wp-caption aligncenter\"><a href=\"http:\/\/www.mandolin-tempo-bordeaux.fr\/wp-content\/uploads\/2013\/04\/GT.jpeg\"><img loading=\"lazy\" decoding=\"async\" aria-describedby=\"caption-attachment-360\" class=\"size-full wp-image-360\" title=\"Entr\u00e9e de artistes\" src=\"http:\/\/www.mandolin-tempo-bordeaux.fr\/wp-content\/uploads\/2013\/04\/GT.jpeg\" alt=\"\" width=\"480\" height=\"640\" srcset=\"http:\/\/www.mandolin-tempo-bordeaux.fr\/wp-content\/uploads\/2013\/04\/GT.jpeg 480w, http:\/\/www.mandolin-tempo-bordeaux.fr\/wp-content\/uploads\/2013\/04\/GT-225x300.jpg 225w\" sizes=\"auto, (max-width: 480px) 100vw, 480px\" \/><\/a><p id=\"caption-attachment-360\" class=\"wp-caption-text\">concert au Grand-Th\u00e9\u00e2tre de Bordeaux<\/p><\/div>\n<p style=\"text-align: center;\"><strong><em><span style=\"color: #003366;\">Derni\u00e8re r\u00e9p\u00e9tition avant l&rsquo;ouverture des portes au public<\/span><\/em><\/strong><\/p>\n<div id=\"attachment_361\" style=\"width: 650px\" class=\"wp-caption aligncenter\"><a href=\"http:\/\/www.mandolin-tempo-bordeaux.fr\/wp-content\/uploads\/2013\/04\/GT8.jpg\"><img loading=\"lazy\" decoding=\"async\" aria-describedby=\"caption-attachment-361\" class=\"size-full wp-image-361\" title=\"R\u00e9p\u00e9tition\" src=\"http:\/\/www.mandolin-tempo-bordeaux.fr\/wp-content\/uploads\/2013\/04\/GT8.jpg\" alt=\"\" width=\"640\" height=\"480\" srcset=\"http:\/\/www.mandolin-tempo-bordeaux.fr\/wp-content\/uploads\/2013\/04\/GT8.jpg 640w, http:\/\/www.mandolin-tempo-bordeaux.fr\/wp-content\/uploads\/2013\/04\/GT8-300x225.jpg 300w, http:\/\/www.mandolin-tempo-bordeaux.fr\/wp-content\/uploads\/2013\/04\/GT8-400x300.jpg 400w\" sizes=\"auto, (max-width: 640px) 100vw, 640px\" \/><\/a><p id=\"caption-attachment-361\" class=\"wp-caption-text\">Les derniers accords...<\/p><\/div>\n<p style=\"text-align: center;\"><span style=\"color: #003366;\"><em><strong>Tenue correcte exig\u00e9e&#8230;plus que d&rsquo;habitude ! \u00a0Chacun se pr\u00e9pare&#8230; certains se concentrent, d&rsquo;autres tentent de se d\u00e9tendre. Facile \u00e0 dire !<\/strong><\/em><\/span><\/p>\n<p><a href=\"http:\/\/www.mandolin-tempo-bordeaux.fr\/wp-content\/uploads\/2013\/04\/GT9.jpeg\"><img loading=\"lazy\" decoding=\"async\" class=\"aligncenter size-medium wp-image-365\" title=\"GT9\" src=\"http:\/\/www.mandolin-tempo-bordeaux.fr\/wp-content\/uploads\/2013\/04\/GT9-300x225.jpg\" alt=\"\" width=\"300\" height=\"225\" srcset=\"http:\/\/www.mandolin-tempo-bordeaux.fr\/wp-content\/uploads\/2013\/04\/GT9-300x225.jpg 300w, http:\/\/www.mandolin-tempo-bordeaux.fr\/wp-content\/uploads\/2013\/04\/GT9-400x300.jpg 400w, http:\/\/www.mandolin-tempo-bordeaux.fr\/wp-content\/uploads\/2013\/04\/GT9.jpeg 640w\" sizes=\"auto, (max-width: 300px) 100vw, 300px\" \/><\/a><a href=\"http:\/\/www.mandolin-tempo-bordeaux.fr\/wp-content\/uploads\/2013\/04\/GT9.jpeg\"><br \/>\n<\/a><\/p>\n<p><a href=\"http:\/\/www.mandolin-tempo-bordeaux.fr\/wp-content\/uploads\/2013\/04\/GT2.jpeg\"><img loading=\"lazy\" decoding=\"async\" class=\"aligncenter size-medium wp-image-363\" title=\"GT2\" src=\"http:\/\/www.mandolin-tempo-bordeaux.fr\/wp-content\/uploads\/2013\/04\/GT2-225x300.jpg\" alt=\"\" width=\"225\" height=\"300\" srcset=\"http:\/\/www.mandolin-tempo-bordeaux.fr\/wp-content\/uploads\/2013\/04\/GT2-225x300.jpg 225w, http:\/\/www.mandolin-tempo-bordeaux.fr\/wp-content\/uploads\/2013\/04\/GT2.jpeg 480w\" sizes=\"auto, (max-width: 225px) 100vw, 225px\" \/><\/a><\/p>\n<p><a href=\"http:\/\/www.mandolin-tempo-bordeaux.fr\/wp-content\/uploads\/2013\/04\/GT1.jpeg\"><img loading=\"lazy\" decoding=\"async\" class=\"aligncenter size-medium wp-image-362\" title=\"GT1\" src=\"http:\/\/www.mandolin-tempo-bordeaux.fr\/wp-content\/uploads\/2013\/04\/GT1-300x225.jpg\" alt=\"\" width=\"300\" height=\"225\" srcset=\"http:\/\/www.mandolin-tempo-bordeaux.fr\/wp-content\/uploads\/2013\/04\/GT1-300x225.jpg 300w, http:\/\/www.mandolin-tempo-bordeaux.fr\/wp-content\/uploads\/2013\/04\/GT1-400x300.jpg 400w, http:\/\/www.mandolin-tempo-bordeaux.fr\/wp-content\/uploads\/2013\/04\/GT1.jpeg 640w\" sizes=\"auto, (max-width: 300px) 100vw, 300px\" \/><\/a><\/p>\n<p><span style=\"color: #003366;\"><strong><em>\u00a0<a href=\"http:\/\/www.mandolin-tempo-bordeaux.fr\/wp-content\/uploads\/2013\/04\/GY3.jpeg\"><img loading=\"lazy\" decoding=\"async\" class=\"aligncenter size-medium wp-image-364\" title=\"GY3\" src=\"http:\/\/www.mandolin-tempo-bordeaux.fr\/wp-content\/uploads\/2013\/04\/GY3-300x225.jpg\" alt=\"\" width=\"300\" height=\"225\" srcset=\"http:\/\/www.mandolin-tempo-bordeaux.fr\/wp-content\/uploads\/2013\/04\/GY3-300x225.jpg 300w, http:\/\/www.mandolin-tempo-bordeaux.fr\/wp-content\/uploads\/2013\/04\/GY3-400x300.jpg 400w, http:\/\/www.mandolin-tempo-bordeaux.fr\/wp-content\/uploads\/2013\/04\/GY3.jpeg 640w\" sizes=\"auto, (max-width: 300px) 100vw, 300px\" \/><\/a><\/em><\/strong><\/span><\/p>\n<p style=\"text-align: center;\"><span style=\"color: #003366;\"><strong><em>Une belle exp\u00e9rience pour les musiciens de Mandol&rsquo;In Tempo.<\/em><\/strong><\/span><\/p>\n<p style=\"text-align: center;\"><span style=\"color: #003366;\"><strong><em>Et quel plaisir d&rsquo;avoir accompagner sur des fados Arlette Da Costa, soprano et sur des chants napolitains, Nicolas Pasquier, \u00a0t\u00e9nor.<\/em><\/strong><\/span><\/p>\n<p><a href=\"http:\/\/www.mandolin-tempo-bordeaux.fr\/wp-content\/uploads\/2013\/04\/Grand-Th\u00e9atre-presse1.jpg\"><img loading=\"lazy\" decoding=\"async\" class=\"aligncenter size-full wp-image-370\" title=\"Grand Th\u00e9atre presse\" src=\"http:\/\/www.mandolin-tempo-bordeaux.fr\/wp-content\/uploads\/2013\/04\/Grand-Th\u00e9atre-presse1.jpg\" alt=\"\" width=\"1000\" height=\"707\" srcset=\"http:\/\/www.mandolin-tempo-bordeaux.fr\/wp-content\/uploads\/2013\/04\/Grand-Th\u00e9atre-presse1.jpg 1000w, http:\/\/www.mandolin-tempo-bordeaux.fr\/wp-content\/uploads\/2013\/04\/Grand-Th\u00e9atre-presse1-300x212.jpg 300w, http:\/\/www.mandolin-tempo-bordeaux.fr\/wp-content\/uploads\/2013\/04\/Grand-Th\u00e9atre-presse1-424x300.jpg 424w\" sizes=\"auto, (max-width: 1000px) 100vw, 1000px\" \/><\/a><\/p>\n<p>&nbsp;<\/p>\n<p>&nbsp;<\/p>\n","protected":false},"excerpt":{"rendered":"<p>L&rsquo;arriv\u00e9e au Grand-Th\u00e9\u00e2tre&#8230; entr\u00e9e de artistes&#8230; c&rsquo;est pour nous aujourd&rsquo;hui ! Derni\u00e8re r\u00e9p\u00e9tition avant l&rsquo;ouverture des portes au public Tenue correcte exig\u00e9e&#8230;plus que d&rsquo;habitude ! \u00a0Chacun se pr\u00e9pare&#8230; certains se concentrent, d&rsquo;autres tentent de se d\u00e9tendre. Facile \u00e0 dire ! &hellip; <a href=\"http:\/\/www.mandolin-tempo-bordeaux.fr\/?p=359\">Continuer la lecture <span class=\"meta-nav\">&rarr;<\/span><\/a><\/p>\n","protected":false},"author":3,"featured_media":0,"comment_status":"open","ping_status":"open","sticky":false,"template":"","format":"standard","meta":{"ngg_post_thumbnail":0,"footnotes":""},"categories":[9],"tags":[],"class_list":["post-359","post","type-post","status-publish","format-standard","hentry","category-concerts"],"_links":{"self":[{"href":"http:\/\/www.mandolin-tempo-bordeaux.fr\/index.php?rest_route=\/wp\/v2\/posts\/359","targetHints":{"allow":["GET"]}}],"collection":[{"href":"http:\/\/www.mandolin-tempo-bordeaux.fr\/index.php?rest_route=\/wp\/v2\/posts"}],"about":[{"href":"http:\/\/www.mandolin-tempo-bordeaux.fr\/index.php?rest_route=\/wp\/v2\/types\/post"}],"author":[{"embeddable":true,"href":"http:\/\/www.mandolin-tempo-bordeaux.fr\/index.php?rest_route=\/wp\/v2\/users\/3"}],"replies":[{"embeddable":true,"href":"http:\/\/www.mandolin-tempo-bordeaux.fr\/index.php?rest_route=%2Fwp%2Fv2%2Fcomments&post=359"}],"version-history":[{"count":4,"href":"http:\/\/www.mandolin-tempo-bordeaux.fr\/index.php?rest_route=\/wp\/v2\/posts\/359\/revisions"}],"predecessor-version":[{"id":373,"href":"http:\/\/www.mandolin-tempo-bordeaux.fr\/index.php?rest_route=\/wp\/v2\/posts\/359\/revisions\/373"}],"wp:attachment":[{"href":"http:\/\/www.mandolin-tempo-bordeaux.fr\/index.php?rest_route=%2Fwp%2Fv2%2Fmedia&parent=359"}],"wp:term":[{"taxonomy":"category","embeddable":true,"href":"http:\/\/www.mandolin-tempo-bordeaux.fr\/index.php?rest_route=%2Fwp%2Fv2%2Fcategories&post=359"},{"taxonomy":"post_tag","embeddable":true,"href":"http:\/\/www.mandolin-tempo-bordeaux.fr\/index.php?rest_route=%2Fwp%2Fv2%2Ftags&post=359"}],"curies":[{"name":"wp","href":"https:\/\/api.w.org\/{rel}","templated":true}]}}