{"id":374,"date":"2013-04-08T21:03:05","date_gmt":"2013-04-08T21:03:05","guid":{"rendered":"http:\/\/www.mandolin-tempo-bordeaux.fr\/?p=374"},"modified":"2013-04-08T21:04:34","modified_gmt":"2013-04-08T21:04:34","slug":"lensemble-pirinski-zvutsi-et-mandolin-tempo-en-concert-a-st-andre-de-cubac","status":"publish","type":"post","link":"http:\/\/www.mandolin-tempo-bordeaux.fr\/?p=374","title":{"rendered":"L&rsquo;ensemble Pirinski Zvutsi  et Mandol&rsquo;In Tempo en concert \u00e0 St Andr\u00e9 de Cubac"},"content":{"rendered":"<p style=\"text-align: justify;\"><span style=\"color: #003366;\"><em><strong>Nous accueillons cette ann\u00e9e nos amis musiciens bulgares de Blagoevgrad.\u00a0<\/strong><\/em><\/span><\/p>\n<p style=\"text-align: justify;\"><em style=\"color: #003366;\"><strong>Cet ensemble existe depuis 1932 et fait partie des associations de la Maison de la Culture de Blagoevegrad, <\/strong><\/em><\/p>\n<p style=\"text-align: justify;\"><em style=\"color: #003366;\"><strong>En 1982 il a re\u00e7u la plus haute distinction nationale dans le domaine de la culture. Premier prix et M\u00e9daille d\u2019Or du XI\u00e8me concours international d\u2019orchestres \u00e0 plectres de Kerkrade aux Pays-Bas, en 2008 3<sup>\u00e8me<\/sup> prix du concours international de D\u00fcren en Allemagne et l\u2019ann\u00e9e suivante il a particip\u00e9 au festival international de Remiremont.<\/strong><\/em><\/p>\n<p style=\"text-align: justify;\"><span style=\"color: #003366;\"><em><strong>En 2010, son chef d\u2019orchestre Petyo Krastev lance un Festival d\u2019Orchestres \u00e0 Plectres \u00e0 Blagoevgrad.<\/strong><\/em><\/span><\/p>\n<p style=\"text-align: justify;\"><span style=\"color: #003366;\"><em><strong>Leur r\u00e9pertoire est tr\u00e8s vari\u00e9, allant d\u2019\u0153uvres classiques aux folklores du monde entier, m\u00eame s\u2019ils poss\u00e8dent un vaste r\u00e9pertoire de musiques bulgares. La musique de leur r\u00e9gion n\u2019est pas sans rappeler les musiques grecques et mac\u00e9doniennes, avec leurs rythmes fr\u00e9n\u00e9tiques d\u00e9cal\u00e9s\u00a0 qui vous entra\u00eenent dans la danse\u2026\u00a0<\/strong><\/em><\/span><\/p>\n<p style=\"text-align: justify;\"><span style=\"color: #003366;\"><em><strong>Une belle soir\u00e9e en perspective&#8230;<\/strong><\/em><\/span><\/p>\n<p style=\"text-align: justify;\"><a href=\"http:\/\/www.mandolin-tempo-bordeaux.fr\/wp-content\/uploads\/2013\/04\/affiche-concert-21.jpg\"><img loading=\"lazy\" decoding=\"async\" class=\"aligncenter size-large wp-image-376\" title=\"affiche concert 2\" src=\"http:\/\/www.mandolin-tempo-bordeaux.fr\/wp-content\/uploads\/2013\/04\/affiche-concert-21-723x1024.jpg\" alt=\"\" width=\"584\" height=\"827\" srcset=\"http:\/\/www.mandolin-tempo-bordeaux.fr\/wp-content\/uploads\/2013\/04\/affiche-concert-21-723x1024.jpg 723w, http:\/\/www.mandolin-tempo-bordeaux.fr\/wp-content\/uploads\/2013\/04\/affiche-concert-21-212x300.jpg 212w, http:\/\/www.mandolin-tempo-bordeaux.fr\/wp-content\/uploads\/2013\/04\/affiche-concert-21.jpg 1240w\" sizes=\"auto, (max-width: 584px) 100vw, 584px\" \/><\/a><\/p>\n<p style=\"text-align: justify;\">\n","protected":false},"excerpt":{"rendered":"<p>Nous accueillons cette ann\u00e9e nos amis musiciens bulgares de Blagoevgrad.\u00a0 Cet ensemble existe depuis 1932 et fait partie des associations de la Maison de la Culture de Blagoevegrad, En 1982 il a re\u00e7u la plus haute distinction nationale dans le &hellip; <a href=\"http:\/\/www.mandolin-tempo-bordeaux.fr\/?p=374\">Continuer la lecture <span class=\"meta-nav\">&rarr;<\/span><\/a><\/p>\n","protected":false},"author":3,"featured_media":0,"comment_status":"open","ping_status":"open","sticky":false,"template":"","format":"standard","meta":{"ngg_post_thumbnail":0,"footnotes":""},"categories":[1],"tags":[],"class_list":["post-374","post","type-post","status-publish","format-standard","hentry","category-photos"],"_links":{"self":[{"href":"http:\/\/www.mandolin-tempo-bordeaux.fr\/index.php?rest_route=\/wp\/v2\/posts\/374","targetHints":{"allow":["GET"]}}],"collection":[{"href":"http:\/\/www.mandolin-tempo-bordeaux.fr\/index.php?rest_route=\/wp\/v2\/posts"}],"about":[{"href":"http:\/\/www.mandolin-tempo-bordeaux.fr\/index.php?rest_route=\/wp\/v2\/types\/post"}],"author":[{"embeddable":true,"href":"http:\/\/www.mandolin-tempo-bordeaux.fr\/index.php?rest_route=\/wp\/v2\/users\/3"}],"replies":[{"embeddable":true,"href":"http:\/\/www.mandolin-tempo-bordeaux.fr\/index.php?rest_route=%2Fwp%2Fv2%2Fcomments&post=374"}],"version-history":[{"count":2,"href":"http:\/\/www.mandolin-tempo-bordeaux.fr\/index.php?rest_route=\/wp\/v2\/posts\/374\/revisions"}],"predecessor-version":[{"id":379,"href":"http:\/\/www.mandolin-tempo-bordeaux.fr\/index.php?rest_route=\/wp\/v2\/posts\/374\/revisions\/379"}],"wp:attachment":[{"href":"http:\/\/www.mandolin-tempo-bordeaux.fr\/index.php?rest_route=%2Fwp%2Fv2%2Fmedia&parent=374"}],"wp:term":[{"taxonomy":"category","embeddable":true,"href":"http:\/\/www.mandolin-tempo-bordeaux.fr\/index.php?rest_route=%2Fwp%2Fv2%2Fcategories&post=374"},{"taxonomy":"post_tag","embeddable":true,"href":"http:\/\/www.mandolin-tempo-bordeaux.fr\/index.php?rest_route=%2Fwp%2Fv2%2Ftags&post=374"}],"curies":[{"name":"wp","href":"https:\/\/api.w.org\/{rel}","templated":true}]}}