{"id":437,"date":"2014-03-24T22:10:09","date_gmt":"2014-03-24T22:10:09","guid":{"rendered":"http:\/\/www.mandolin-tempo-bordeaux.fr\/?p=437"},"modified":"2014-03-26T22:03:38","modified_gmt":"2014-03-26T22:03:38","slug":"437","status":"publish","type":"post","link":"http:\/\/www.mandolin-tempo-bordeaux.fr\/?p=437","title":{"rendered":"Concert de printemps 2014 !"},"content":{"rendered":"<p><a href=\"http:\/\/www.mandolin-tempo-bordeaux.fr\/wp-content\/uploads\/2014\/03\/concert-5avril1.png\"><img loading=\"lazy\" decoding=\"async\" class=\"aligncenter size-large wp-image-448\" title=\"concert 5avril\" src=\"http:\/\/www.mandolin-tempo-bordeaux.fr\/wp-content\/uploads\/2014\/03\/concert-5avril1-1024x817.png\" alt=\"\" width=\"584\" height=\"465\" srcset=\"http:\/\/www.mandolin-tempo-bordeaux.fr\/wp-content\/uploads\/2014\/03\/concert-5avril1-1024x817.png 1024w, http:\/\/www.mandolin-tempo-bordeaux.fr\/wp-content\/uploads\/2014\/03\/concert-5avril1-300x239.png 300w, http:\/\/www.mandolin-tempo-bordeaux.fr\/wp-content\/uploads\/2014\/03\/concert-5avril1-375x300.png 375w, http:\/\/www.mandolin-tempo-bordeaux.fr\/wp-content\/uploads\/2014\/03\/concert-5avril1.png 1138w\" sizes=\"auto, (max-width: 584px) 100vw, 584px\" \/><\/a><\/p>\n<p style=\"text-align: center;\"><em><strong><span style=\"color: #003366;\">\u00a0Premi\u00e8re r\u00e9p\u00e9tition avec les \u00e9l\u00e8ves des classes de guitare et de mandoline&#8230;<\/span><\/strong><\/em><\/p>\n<p style=\"text-align: center;\"><a href=\"http:\/\/www.mandolin-tempo-bordeaux.fr\/wp-content\/uploads\/2014\/03\/r\u00e9pet.jpg\"><img loading=\"lazy\" decoding=\"async\" class=\"aligncenter size-full wp-image-456\" title=\"r\u00e9pet\" src=\"http:\/\/www.mandolin-tempo-bordeaux.fr\/wp-content\/uploads\/2014\/03\/r\u00e9pet.jpg\" alt=\"\" width=\"1000\" height=\"498\" srcset=\"http:\/\/www.mandolin-tempo-bordeaux.fr\/wp-content\/uploads\/2014\/03\/r\u00e9pet.jpg 1000w, http:\/\/www.mandolin-tempo-bordeaux.fr\/wp-content\/uploads\/2014\/03\/r\u00e9pet-300x149.jpg 300w, http:\/\/www.mandolin-tempo-bordeaux.fr\/wp-content\/uploads\/2014\/03\/r\u00e9pet-500x249.jpg 500w\" sizes=\"auto, (max-width: 1000px) 100vw, 1000px\" \/><\/a><\/p>\n<p style=\"text-align: center;\"><em><strong><span style=\"color: #003366;\">Il faut de l&rsquo;\u00e9nergie&#8230; et tout un savoir-faire pour canaliser tous ces musiciens&#8230; parfois indisciplin\u00e9s mais si motiv\u00e9s !<\/span><\/strong><\/em><\/p>\n","protected":false},"excerpt":{"rendered":"<p>\u00a0Premi\u00e8re r\u00e9p\u00e9tition avec les \u00e9l\u00e8ves des classes de guitare et de mandoline&#8230; Il faut de l&rsquo;\u00e9nergie&#8230; et tout un savoir-faire pour canaliser tous ces musiciens&#8230; parfois indisciplin\u00e9s mais si motiv\u00e9s !<\/p>\n","protected":false},"author":3,"featured_media":448,"comment_status":"open","ping_status":"open","sticky":false,"template":"","format":"standard","meta":{"ngg_post_thumbnail":0,"footnotes":""},"categories":[1],"tags":[],"class_list":["post-437","post","type-post","status-publish","format-standard","has-post-thumbnail","hentry","category-photos"],"_links":{"self":[{"href":"http:\/\/www.mandolin-tempo-bordeaux.fr\/index.php?rest_route=\/wp\/v2\/posts\/437","targetHints":{"allow":["GET"]}}],"collection":[{"href":"http:\/\/www.mandolin-tempo-bordeaux.fr\/index.php?rest_route=\/wp\/v2\/posts"}],"about":[{"href":"http:\/\/www.mandolin-tempo-bordeaux.fr\/index.php?rest_route=\/wp\/v2\/types\/post"}],"author":[{"embeddable":true,"href":"http:\/\/www.mandolin-tempo-bordeaux.fr\/index.php?rest_route=\/wp\/v2\/users\/3"}],"replies":[{"embeddable":true,"href":"http:\/\/www.mandolin-tempo-bordeaux.fr\/index.php?rest_route=%2Fwp%2Fv2%2Fcomments&post=437"}],"version-history":[{"count":10,"href":"http:\/\/www.mandolin-tempo-bordeaux.fr\/index.php?rest_route=\/wp\/v2\/posts\/437\/revisions"}],"predecessor-version":[{"id":449,"href":"http:\/\/www.mandolin-tempo-bordeaux.fr\/index.php?rest_route=\/wp\/v2\/posts\/437\/revisions\/449"}],"wp:featuredmedia":[{"embeddable":true,"href":"http:\/\/www.mandolin-tempo-bordeaux.fr\/index.php?rest_route=\/wp\/v2\/media\/448"}],"wp:attachment":[{"href":"http:\/\/www.mandolin-tempo-bordeaux.fr\/index.php?rest_route=%2Fwp%2Fv2%2Fmedia&parent=437"}],"wp:term":[{"taxonomy":"category","embeddable":true,"href":"http:\/\/www.mandolin-tempo-bordeaux.fr\/index.php?rest_route=%2Fwp%2Fv2%2Fcategories&post=437"},{"taxonomy":"post_tag","embeddable":true,"href":"http:\/\/www.mandolin-tempo-bordeaux.fr\/index.php?rest_route=%2Fwp%2Fv2%2Ftags&post=437"}],"curies":[{"name":"wp","href":"https:\/\/api.w.org\/{rel}","templated":true}]}}