{"id":459,"date":"2014-04-05T20:41:22","date_gmt":"2014-04-05T20:41:22","guid":{"rendered":"http:\/\/www.mandolin-tempo-bordeaux.fr\/?p=459"},"modified":"2014-04-05T20:41:22","modified_gmt":"2014-04-05T20:41:22","slug":"concert-du-05-avril-2014","status":"publish","type":"post","link":"http:\/\/www.mandolin-tempo-bordeaux.fr\/?p=459","title":{"rendered":"Concert du 05 avril 2014"},"content":{"rendered":"<p><span style=\"color: #333399;\"><em><strong>Public nombreux pour ce concert&#8230; et content de sa soir\u00e9e.<\/strong><\/em><\/span><\/p>\n<p><em><strong><span style=\"color: #333399;\">faut dire&#8230; tout le monde a bien jou\u00e9&#8230;<\/span><\/strong><\/em><\/p>\n<div id=\"attachment_461\" style=\"width: 988px\" class=\"wp-caption aligncenter\"><a href=\"http:\/\/www.mandolin-tempo-bordeaux.fr\/wp-content\/uploads\/2014\/04\/concert-5avr.jpg\"><img loading=\"lazy\" decoding=\"async\" aria-describedby=\"caption-attachment-461\" class=\"size-full wp-image-461\" title=\"concert  \" src=\"http:\/\/www.mandolin-tempo-bordeaux.fr\/wp-content\/uploads\/2014\/04\/concert-5avr.jpg\" alt=\"\" width=\"978\" height=\"460\" srcset=\"http:\/\/www.mandolin-tempo-bordeaux.fr\/wp-content\/uploads\/2014\/04\/concert-5avr.jpg 978w, http:\/\/www.mandolin-tempo-bordeaux.fr\/wp-content\/uploads\/2014\/04\/concert-5avr-300x141.jpg 300w, http:\/\/www.mandolin-tempo-bordeaux.fr\/wp-content\/uploads\/2014\/04\/concert-5avr-500x235.jpg 500w\" sizes=\"auto, (max-width: 978px) 100vw, 978px\" \/><\/a><p id=\"caption-attachment-461\" class=\"wp-caption-text\">Mandol&#39;In Tempo sous la direction de Jean-Luc Rocchietti<\/p><\/div>\n<p>&nbsp;<\/p>\n<div style=\"width: 1010px\" class=\"wp-caption aligncenter\"><a href=\"http:\/\/www.mandolin-tempo-bordeaux.fr\/wp-content\/uploads\/2014\/04\/R\u00e9p\u00e9tition-sur-sc\u00e8ne1.jpg\"><img loading=\"lazy\" decoding=\"async\" class=\"size-full wp-image-462\" title=\"R\u00e9p\u00e9tition sur sc\u00e8ne\" src=\"http:\/\/www.mandolin-tempo-bordeaux.fr\/wp-content\/uploads\/2014\/04\/R\u00e9p\u00e9tition-sur-sc\u00e8ne1.jpg\" alt=\"\" width=\"1000\" height=\"346\" srcset=\"http:\/\/www.mandolin-tempo-bordeaux.fr\/wp-content\/uploads\/2014\/04\/R\u00e9p\u00e9tition-sur-sc\u00e8ne1.jpg 1000w, http:\/\/www.mandolin-tempo-bordeaux.fr\/wp-content\/uploads\/2014\/04\/R\u00e9p\u00e9tition-sur-sc\u00e8ne1-300x103.jpg 300w, http:\/\/www.mandolin-tempo-bordeaux.fr\/wp-content\/uploads\/2014\/04\/R\u00e9p\u00e9tition-sur-sc\u00e8ne1-500x173.jpg 500w\" sizes=\"auto, (max-width: 1000px) 100vw, 1000px\" \/><\/a><\/dt>\n<\/dl>\n<div class=\"mceTemp mceIEcenter\">\n<dl id=\"attachment_463\" class=\"wp-caption aligncenter\" style=\"width: 1008px;\">\n<dt class=\"wp-caption-dt\"><a href=\"http:\/\/www.mandolin-tempo-bordeaux.fr\/wp-content\/uploads\/2014\/04\/R\u00e9p\u00e9tition.jpg\"><img loading=\"lazy\" decoding=\"async\" class=\"size-full wp-image-463\" title=\"R\u00e9p\u00e9tition\" src=\"http:\/\/www.mandolin-tempo-bordeaux.fr\/wp-content\/uploads\/2014\/04\/R\u00e9p\u00e9tition.jpg\" alt=\"\" width=\"998\" height=\"645\" srcset=\"http:\/\/www.mandolin-tempo-bordeaux.fr\/wp-content\/uploads\/2014\/04\/R\u00e9p\u00e9tition.jpg 998w, http:\/\/www.mandolin-tempo-bordeaux.fr\/wp-content\/uploads\/2014\/04\/R\u00e9p\u00e9tition-300x193.jpg 300w, http:\/\/www.mandolin-tempo-bordeaux.fr\/wp-content\/uploads\/2014\/04\/R\u00e9p\u00e9tition-464x300.jpg 464w\" sizes=\"auto, (max-width: 998px) 100vw, 998px\" \/><\/a><p class=\"wp-caption-text\">Avant l&#39;ouverture des portes au public...<\/p><\/div>\n<dl id=\"attachment_462\" class=\"wp-caption aligncenter\" style=\"width: 1010px;\">\n<dt class=\"wp-caption-dt\">Dernier raccord avant l&rsquo;ouverture des portes au public&#8230;<\/dt>\n<\/dl>\n<\/div>\n","protected":false},"excerpt":{"rendered":"<p>Public nombreux pour ce concert&#8230; et content de sa soir\u00e9e. faut dire&#8230; tout le monde a bien jou\u00e9&#8230; &nbsp; Dernier raccord avant l&rsquo;ouverture des portes au public&#8230;<\/p>\n","protected":false},"author":3,"featured_media":0,"comment_status":"open","ping_status":"open","sticky":false,"template":"","format":"standard","meta":{"ngg_post_thumbnail":0,"footnotes":""},"categories":[1],"tags":[],"class_list":["post-459","post","type-post","status-publish","format-standard","hentry","category-photos"],"_links":{"self":[{"href":"http:\/\/www.mandolin-tempo-bordeaux.fr\/index.php?rest_route=\/wp\/v2\/posts\/459","targetHints":{"allow":["GET"]}}],"collection":[{"href":"http:\/\/www.mandolin-tempo-bordeaux.fr\/index.php?rest_route=\/wp\/v2\/posts"}],"about":[{"href":"http:\/\/www.mandolin-tempo-bordeaux.fr\/index.php?rest_route=\/wp\/v2\/types\/post"}],"author":[{"embeddable":true,"href":"http:\/\/www.mandolin-tempo-bordeaux.fr\/index.php?rest_route=\/wp\/v2\/users\/3"}],"replies":[{"embeddable":true,"href":"http:\/\/www.mandolin-tempo-bordeaux.fr\/index.php?rest_route=%2Fwp%2Fv2%2Fcomments&post=459"}],"version-history":[{"count":1,"href":"http:\/\/www.mandolin-tempo-bordeaux.fr\/index.php?rest_route=\/wp\/v2\/posts\/459\/revisions"}],"predecessor-version":[{"id":464,"href":"http:\/\/www.mandolin-tempo-bordeaux.fr\/index.php?rest_route=\/wp\/v2\/posts\/459\/revisions\/464"}],"wp:attachment":[{"href":"http:\/\/www.mandolin-tempo-bordeaux.fr\/index.php?rest_route=%2Fwp%2Fv2%2Fmedia&parent=459"}],"wp:term":[{"taxonomy":"category","embeddable":true,"href":"http:\/\/www.mandolin-tempo-bordeaux.fr\/index.php?rest_route=%2Fwp%2Fv2%2Fcategories&post=459"},{"taxonomy":"post_tag","embeddable":true,"href":"http:\/\/www.mandolin-tempo-bordeaux.fr\/index.php?rest_route=%2Fwp%2Fv2%2Ftags&post=459"}],"curies":[{"name":"wp","href":"https:\/\/api.w.org\/{rel}","templated":true}]}}