{"id":590,"date":"2015-09-01T21:33:09","date_gmt":"2015-09-01T21:33:09","guid":{"rendered":"http:\/\/www.mandolin-tempo-bordeaux.fr\/?p=590"},"modified":"2015-09-03T16:14:07","modified_gmt":"2015-09-03T16:14:07","slug":"forum-des-associations-samedi-5-septembre-2015","status":"publish","type":"post","link":"http:\/\/www.mandolin-tempo-bordeaux.fr\/?p=590","title":{"rendered":"FORUM DES ASSOCIATIONS samedi 5 septembre 2015"},"content":{"rendered":"<p style=\"text-align: center;\"><strong><span style=\"color: #003366;\"><em>Nous serons pr\u00e9sents toute la journ\u00e9e sur le forum des associations organis\u00e9 par la municipalit\u00e9 de St Andr\u00e9 de Cubzac.<\/em><\/span><\/strong><\/p>\n<p style=\"text-align: center;\"><strong><span style=\"color: #003366;\"><em>Ce sera l&rsquo;occasion d&rsquo;\u00e9changer avec nous sur la mandoline, notre ensemble, les r\u00e9p\u00e9titions, nos projets&#8230;<\/em><\/span><\/strong><\/p>\n<p style=\"text-align: center;\"><strong><span style=\"color: #003366;\"><em>Ce pourra \u00eatre l&rsquo;occasion de d\u00e9couvrir la mandoline&#8230;<\/em><\/span><\/strong><\/p>\n<p style=\"text-align: center;\"><strong><span style=\"color: #003366;\"><em>Nous vous y attendons entre 10 h et 17 h !<\/em><\/span><\/strong><\/p>\n<p><a href=\"http:\/\/www.mandolin-tempo-bordeaux.fr\/wp-content\/uploads\/2015\/09\/2015.png\"><img loading=\"lazy\" decoding=\"async\" class=\"aligncenter size-full wp-image-591\" title=\"2015\" src=\"http:\/\/www.mandolin-tempo-bordeaux.fr\/wp-content\/uploads\/2015\/09\/2015.png\" alt=\"\" width=\"492\" height=\"720\" srcset=\"http:\/\/www.mandolin-tempo-bordeaux.fr\/wp-content\/uploads\/2015\/09\/2015.png 492w, http:\/\/www.mandolin-tempo-bordeaux.fr\/wp-content\/uploads\/2015\/09\/2015-205x300.png 205w\" sizes=\"auto, (max-width: 492px) 100vw, 492px\" \/><\/a><\/p>\n<p>&nbsp;<\/p>\n<p>&nbsp;<\/p>\n<p>&nbsp;<\/p>\n","protected":false},"excerpt":{"rendered":"<p>Nous serons pr\u00e9sents toute la journ\u00e9e sur le forum des associations organis\u00e9 par la municipalit\u00e9 de St Andr\u00e9 de Cubzac. Ce sera l&rsquo;occasion d&rsquo;\u00e9changer avec nous sur la mandoline, notre ensemble, les r\u00e9p\u00e9titions, nos projets&#8230; Ce pourra \u00eatre l&rsquo;occasion de &hellip; <a href=\"http:\/\/www.mandolin-tempo-bordeaux.fr\/?p=590\">Continuer la lecture <span class=\"meta-nav\">&rarr;<\/span><\/a><\/p>\n","protected":false},"author":1,"featured_media":0,"comment_status":"open","ping_status":"open","sticky":false,"template":"","format":"standard","meta":{"ngg_post_thumbnail":0,"footnotes":""},"categories":[5],"tags":[],"class_list":["post-590","post","type-post","status-publish","format-standard","hentry","category-divers"],"_links":{"self":[{"href":"http:\/\/www.mandolin-tempo-bordeaux.fr\/index.php?rest_route=\/wp\/v2\/posts\/590","targetHints":{"allow":["GET"]}}],"collection":[{"href":"http:\/\/www.mandolin-tempo-bordeaux.fr\/index.php?rest_route=\/wp\/v2\/posts"}],"about":[{"href":"http:\/\/www.mandolin-tempo-bordeaux.fr\/index.php?rest_route=\/wp\/v2\/types\/post"}],"author":[{"embeddable":true,"href":"http:\/\/www.mandolin-tempo-bordeaux.fr\/index.php?rest_route=\/wp\/v2\/users\/1"}],"replies":[{"embeddable":true,"href":"http:\/\/www.mandolin-tempo-bordeaux.fr\/index.php?rest_route=%2Fwp%2Fv2%2Fcomments&post=590"}],"version-history":[{"count":3,"href":"http:\/\/www.mandolin-tempo-bordeaux.fr\/index.php?rest_route=\/wp\/v2\/posts\/590\/revisions"}],"predecessor-version":[{"id":607,"href":"http:\/\/www.mandolin-tempo-bordeaux.fr\/index.php?rest_route=\/wp\/v2\/posts\/590\/revisions\/607"}],"wp:attachment":[{"href":"http:\/\/www.mandolin-tempo-bordeaux.fr\/index.php?rest_route=%2Fwp%2Fv2%2Fmedia&parent=590"}],"wp:term":[{"taxonomy":"category","embeddable":true,"href":"http:\/\/www.mandolin-tempo-bordeaux.fr\/index.php?rest_route=%2Fwp%2Fv2%2Fcategories&post=590"},{"taxonomy":"post_tag","embeddable":true,"href":"http:\/\/www.mandolin-tempo-bordeaux.fr\/index.php?rest_route=%2Fwp%2Fv2%2Ftags&post=590"}],"curies":[{"name":"wp","href":"https:\/\/api.w.org\/{rel}","templated":true}]}}