{"id":647,"date":"2016-03-17T22:35:14","date_gmt":"2016-03-17T22:35:14","guid":{"rendered":"http:\/\/www.mandolin-tempo-bordeaux.fr\/?p=647"},"modified":"2016-03-18T10:49:18","modified_gmt":"2016-03-18T10:49:18","slug":"concerts-a-venir","status":"publish","type":"post","link":"http:\/\/www.mandolin-tempo-bordeaux.fr\/?p=647","title":{"rendered":"CONCERTS EN AVRIL"},"content":{"rendered":"<p style=\"text-align: center;\"><span style=\"color: #003366;\"><em><strong>Du 31 mars au 05 avril,<\/strong><\/em><\/span><\/p>\n<p style=\"text-align: center;\"><strong><span style=\"color: #003366;\"><em> Mandol&rsquo;In Tempo accueille la chorale de la associa\u00e7\u00e3o cultural de salreu.<\/em><\/span><\/strong><\/p>\n<p style=\"text-align: left;\"><span style=\"color: #339966;\"><strong><em style=\"color: #003366;\"><span style=\"text-decoration: underline;\">Situer Salreu<\/span> :<\/em><\/strong><\/span><\/p>\n<p style=\"text-align: left;\"><span style=\"color: #339966;\"><strong style=\"color: #339966; text-align: center;\"><em style=\"color: #003366;\">Il s&rsquo;agit d&rsquo;une localit\u00e9 du Portugal qui d\u00e9pend de la municipalit\u00e9 d&rsquo; Estarreja,<\/em><\/strong><\/span><\/p>\n<p style=\"text-align: left;\"><span style=\"color: #003366;\"><strong><em>(district d&rsquo;Aveiro, r\u00e9gion Centre).<\/em><\/strong><\/span><\/p>\n<h2 style=\"text-align: center;\"><span style=\"text-decoration: underline;\"><span style=\"color: #ff0000; text-decoration: underline;\"><em> 3 CONCERTS EXCEPTIONNELS DANS LE SUD-OUEST<\/em><\/span><\/span><\/h2>\n<p style=\"text-align: center;\"><strong><span style=\"color: #ff0000;\">Vendredi 01 avril &#8211; Eglise St Augustin \u00e0 Bordeaux &#8211; 20h45<\/span><\/strong><\/p>\n<p style=\"text-align: center;\"><strong><span style=\"color: #ff0000;\">Samedi 2 avril &#8211; Salle Champ de Foire &#8211; St Andr\u00e9 de Cubzac &#8211; 18h<\/span><\/strong><\/p>\n<p style=\"text-align: center;\"><strong><span style=\"color: #ff0000;\">Dimanche 3 avril &#8211; Salle de F\u00eates &#8211; Monsec en Dordogne &#8211; 17h30<\/span><\/strong><\/p>\n<p style=\"text-align: left;\"><span style=\"text-decoration: underline; color: #993300;\"><span style=\"text-decoration: underline;\"><strong>PROGRAMME<\/strong><\/span><\/span><\/p>\n<ul>\n<li><span style=\"color: #993300;\"><strong><em>l&rsquo;Ensemble Mandol&rsquo;In Tempo avec un\u00a0r\u00e9pertoire\u00a0toujours aussi vari\u00e9 (de Debussy \u00e0 Weather report !)<\/em><\/strong><\/span><\/li>\n<li><span style=\"color: #993300;\"><strong style=\"text-align: center;\"><em>Pi\u00e8ces de Bach en fl\u00fbte solo\u00a0<\/em><\/strong><strong style=\"text-align: center;\"><em>et accompagnement par l&rsquo;orchestre de Mandol&rsquo;In Tempo.<\/em><\/strong><\/span><\/li>\n<li style=\"text-align: center;\"><span style=\"color: #993300;\"><strong style=\"text-align: center;\"><em>Des po\u00e8mes mis en chanson, des chansons traditionnelles portugaises chant\u00e9s par la chorale de l&rsquo;association culturelle de Salreu&#8230; et accompagn\u00e9s par l&rsquo;ensemble Mandol&rsquo;In Tempo&#8230;<a href=\"http:\/\/www.mandolin-tempo-bordeaux.fr\/wp-content\/uploads\/2016\/03\/Affiche-2016-Champ-de-Foire-ACS-Mandol\u2019in-Tempo.jpg\"><img loading=\"lazy\" decoding=\"async\" class=\"aligncenter size-full wp-image-655\" title=\"Affiche 2016 - Champ de Foire ACS-Mandol\u2019in Tempo\" src=\"http:\/\/www.mandolin-tempo-bordeaux.fr\/wp-content\/uploads\/2016\/03\/Affiche-2016-Champ-de-Foire-ACS-Mandol\u2019in-Tempo.jpg\" alt=\"\" width=\"594\" height=\"841\" srcset=\"http:\/\/www.mandolin-tempo-bordeaux.fr\/wp-content\/uploads\/2016\/03\/Affiche-2016-Champ-de-Foire-ACS-Mandol\u2019in-Tempo.jpg 594w, http:\/\/www.mandolin-tempo-bordeaux.fr\/wp-content\/uploads\/2016\/03\/Affiche-2016-Champ-de-Foire-ACS-Mandol\u2019in-Tempo-211x300.jpg 211w\" sizes=\"auto, (max-width: 594px) 100vw, 594px\" \/><\/a><\/em><\/strong><\/span><\/li>\n<\/ul>\n<p>&nbsp;<\/p>\n","protected":false},"excerpt":{"rendered":"<p>Du 31 mars au 05 avril, Mandol&rsquo;In Tempo accueille la chorale de la associa\u00e7\u00e3o cultural de salreu. Situer Salreu : Il s&rsquo;agit d&rsquo;une localit\u00e9 du Portugal qui d\u00e9pend de la municipalit\u00e9 d&rsquo; Estarreja, (district d&rsquo;Aveiro, r\u00e9gion Centre). 3 CONCERTS EXCEPTIONNELS &hellip; <a href=\"http:\/\/www.mandolin-tempo-bordeaux.fr\/?p=647\">Continuer la lecture <span class=\"meta-nav\">&rarr;<\/span><\/a><\/p>\n","protected":false},"author":3,"featured_media":0,"comment_status":"open","ping_status":"open","sticky":false,"template":"","format":"standard","meta":{"ngg_post_thumbnail":0,"footnotes":""},"categories":[9],"tags":[],"class_list":["post-647","post","type-post","status-publish","format-standard","hentry","category-concerts"],"_links":{"self":[{"href":"http:\/\/www.mandolin-tempo-bordeaux.fr\/index.php?rest_route=\/wp\/v2\/posts\/647","targetHints":{"allow":["GET"]}}],"collection":[{"href":"http:\/\/www.mandolin-tempo-bordeaux.fr\/index.php?rest_route=\/wp\/v2\/posts"}],"about":[{"href":"http:\/\/www.mandolin-tempo-bordeaux.fr\/index.php?rest_route=\/wp\/v2\/types\/post"}],"author":[{"embeddable":true,"href":"http:\/\/www.mandolin-tempo-bordeaux.fr\/index.php?rest_route=\/wp\/v2\/users\/3"}],"replies":[{"embeddable":true,"href":"http:\/\/www.mandolin-tempo-bordeaux.fr\/index.php?rest_route=%2Fwp%2Fv2%2Fcomments&post=647"}],"version-history":[{"count":7,"href":"http:\/\/www.mandolin-tempo-bordeaux.fr\/index.php?rest_route=\/wp\/v2\/posts\/647\/revisions"}],"predecessor-version":[{"id":661,"href":"http:\/\/www.mandolin-tempo-bordeaux.fr\/index.php?rest_route=\/wp\/v2\/posts\/647\/revisions\/661"}],"wp:attachment":[{"href":"http:\/\/www.mandolin-tempo-bordeaux.fr\/index.php?rest_route=%2Fwp%2Fv2%2Fmedia&parent=647"}],"wp:term":[{"taxonomy":"category","embeddable":true,"href":"http:\/\/www.mandolin-tempo-bordeaux.fr\/index.php?rest_route=%2Fwp%2Fv2%2Fcategories&post=647"},{"taxonomy":"post_tag","embeddable":true,"href":"http:\/\/www.mandolin-tempo-bordeaux.fr\/index.php?rest_route=%2Fwp%2Fv2%2Ftags&post=647"}],"curies":[{"name":"wp","href":"https:\/\/api.w.org\/{rel}","templated":true}]}}