{"id":777,"date":"2017-11-15T21:35:59","date_gmt":"2017-11-15T21:35:59","guid":{"rendered":"http:\/\/www.mandolin-tempo-bordeaux.fr\/?p=777"},"modified":"2017-11-15T21:37:02","modified_gmt":"2017-11-15T21:37:02","slug":"concert-dimanche-19-novembre-2017-15h30","status":"publish","type":"post","link":"http:\/\/www.mandolin-tempo-bordeaux.fr\/?p=777","title":{"rendered":"Concert dimanche 19 novembre 2017 &#8211; 15h30"},"content":{"rendered":"<p style=\"text-align: center;\"><span style=\"color: #33cccc;\"><strong><em>A l&rsquo;\u00e9glise de St Andr\u00e9 de Cubzac.<\/em><\/strong><\/span><\/p>\n<p style=\"text-align: center;\"><span style=\"color: #99cc00;\"><strong><em>En premi\u00e8re partie, Mandol&rsquo;In Tempo avec un programme renouvel\u00e9 \u00a0\u00a0<\/em><\/strong><strong><em>pour cette nouvelle saison 2017-2018<\/em><\/strong><\/span><\/p>\n<p style=\"text-align: center;\"><span style=\"color: #99cc00;\"><strong><em>En deuxi\u00e8me partie, l&rsquo;atelier vocal de la Ronde des jurons, venant de Melle dans les Deux-S\u00e8vres. Chef de coeur : Emmanuelle Lefeuvre,\u00a0<\/em><\/strong><\/span><\/p>\n<p style=\"text-align: center;\"><span style=\"color: #ff0000;\"><em><strong>et pour finir, Mandol&rsquo;In Tempo accompagenera la chorale sur 3 chansons (arrangements Jean-Luc Rocchietti)<\/strong><\/em><\/span><\/p>\n<p style=\"text-align: center;\"><a href=\"http:\/\/www.mandolin-tempo-bordeaux.fr\/wp-content\/uploads\/2017\/11\/2017_affiche_concert.jpg\"><img loading=\"lazy\" decoding=\"async\" class=\"aligncenter size-full wp-image-778\" title=\"2017_affiche_concert\" src=\"http:\/\/www.mandolin-tempo-bordeaux.fr\/wp-content\/uploads\/2017\/11\/2017_affiche_concert.jpg\" alt=\"\" width=\"882\" height=\"1231\" srcset=\"http:\/\/www.mandolin-tempo-bordeaux.fr\/wp-content\/uploads\/2017\/11\/2017_affiche_concert.jpg 882w, http:\/\/www.mandolin-tempo-bordeaux.fr\/wp-content\/uploads\/2017\/11\/2017_affiche_concert-214x300.jpg 214w, http:\/\/www.mandolin-tempo-bordeaux.fr\/wp-content\/uploads\/2017\/11\/2017_affiche_concert-733x1024.jpg 733w\" sizes=\"auto, (max-width: 882px) 100vw, 882px\" \/><\/a><\/p>\n<p style=\"text-align: center;\">\n","protected":false},"excerpt":{"rendered":"<p>A l&rsquo;\u00e9glise de St Andr\u00e9 de Cubzac. En premi\u00e8re partie, Mandol&rsquo;In Tempo avec un programme renouvel\u00e9 \u00a0\u00a0pour cette nouvelle saison 2017-2018 En deuxi\u00e8me partie, l&rsquo;atelier vocal de la Ronde des jurons, venant de Melle dans les Deux-S\u00e8vres. Chef de coeur &hellip; <a href=\"http:\/\/www.mandolin-tempo-bordeaux.fr\/?p=777\">Continuer la lecture <span class=\"meta-nav\">&rarr;<\/span><\/a><\/p>\n","protected":false},"author":3,"featured_media":0,"comment_status":"open","ping_status":"open","sticky":false,"template":"","format":"standard","meta":{"ngg_post_thumbnail":0,"footnotes":""},"categories":[1],"tags":[],"class_list":["post-777","post","type-post","status-publish","format-standard","hentry","category-photos"],"_links":{"self":[{"href":"http:\/\/www.mandolin-tempo-bordeaux.fr\/index.php?rest_route=\/wp\/v2\/posts\/777","targetHints":{"allow":["GET"]}}],"collection":[{"href":"http:\/\/www.mandolin-tempo-bordeaux.fr\/index.php?rest_route=\/wp\/v2\/posts"}],"about":[{"href":"http:\/\/www.mandolin-tempo-bordeaux.fr\/index.php?rest_route=\/wp\/v2\/types\/post"}],"author":[{"embeddable":true,"href":"http:\/\/www.mandolin-tempo-bordeaux.fr\/index.php?rest_route=\/wp\/v2\/users\/3"}],"replies":[{"embeddable":true,"href":"http:\/\/www.mandolin-tempo-bordeaux.fr\/index.php?rest_route=%2Fwp%2Fv2%2Fcomments&post=777"}],"version-history":[{"count":2,"href":"http:\/\/www.mandolin-tempo-bordeaux.fr\/index.php?rest_route=\/wp\/v2\/posts\/777\/revisions"}],"predecessor-version":[{"id":780,"href":"http:\/\/www.mandolin-tempo-bordeaux.fr\/index.php?rest_route=\/wp\/v2\/posts\/777\/revisions\/780"}],"wp:attachment":[{"href":"http:\/\/www.mandolin-tempo-bordeaux.fr\/index.php?rest_route=%2Fwp%2Fv2%2Fmedia&parent=777"}],"wp:term":[{"taxonomy":"category","embeddable":true,"href":"http:\/\/www.mandolin-tempo-bordeaux.fr\/index.php?rest_route=%2Fwp%2Fv2%2Fcategories&post=777"},{"taxonomy":"post_tag","embeddable":true,"href":"http:\/\/www.mandolin-tempo-bordeaux.fr\/index.php?rest_route=%2Fwp%2Fv2%2Ftags&post=777"}],"curies":[{"name":"wp","href":"https:\/\/api.w.org\/{rel}","templated":true}]}}