{"id":786,"date":"2018-10-15T20:10:19","date_gmt":"2018-10-15T20:10:19","guid":{"rendered":"http:\/\/www.mandolin-tempo-bordeaux.fr\/?p=786"},"modified":"2018-10-15T20:16:19","modified_gmt":"2018-10-15T20:16:19","slug":"concert-en-dordogne-chapelle-de-saint-mayme-de-pomport","status":"publish","type":"post","link":"http:\/\/www.mandolin-tempo-bordeaux.fr\/?p=786","title":{"rendered":"Concert en Dordogne, chapelle de Saint Mayme de Pomport"},"content":{"rendered":"<p style=\"text-align: center;\"><strong><em>Pr\u00e8s de Bergerac, petite chapelle du XI\u00e8me si\u00e8cle, lieu de passage des p\u00e8lerins de St Jacques de Compostelle, et lieu de concert de Mandol&rsquo;In Tempo\u00a0 \u00a0 \u00a0 \u00a0 \u00a0 \u00a0 \u00a0 \u00a0 \u00a0 \u00a0le 07 juillet 2018 \u00e0 17 heures<\/em><\/strong><\/p>\n<p style=\"text-align: center;\"><a href=\"http:\/\/www.mandolin-tempo-bordeaux.fr\/wp-content\/uploads\/2018\/10\/Chapelle-St-Mayme1.jpg\"><img loading=\"lazy\" decoding=\"async\" class=\"aligncenter size-medium wp-image-792\" title=\"Chapelle St Mayme\" src=\"http:\/\/www.mandolin-tempo-bordeaux.fr\/wp-content\/uploads\/2018\/10\/Chapelle-St-Mayme1-300x225.jpg\" alt=\"\" width=\"300\" height=\"225\" srcset=\"http:\/\/www.mandolin-tempo-bordeaux.fr\/wp-content\/uploads\/2018\/10\/Chapelle-St-Mayme1-300x225.jpg 300w, http:\/\/www.mandolin-tempo-bordeaux.fr\/wp-content\/uploads\/2018\/10\/Chapelle-St-Mayme1-1024x768.jpg 1024w, http:\/\/www.mandolin-tempo-bordeaux.fr\/wp-content\/uploads\/2018\/10\/Chapelle-St-Mayme1-400x300.jpg 400w, http:\/\/www.mandolin-tempo-bordeaux.fr\/wp-content\/uploads\/2018\/10\/Chapelle-St-Mayme1.jpg 1500w\" sizes=\"auto, (max-width: 300px) 100vw, 300px\" \/><\/a><\/p>\n<p>&nbsp;<\/p>\n<p style=\"text-align: center;\"><a href=\"http:\/\/www.mandolin-tempo-bordeaux.fr\/wp-content\/uploads\/2018\/10\/Saint-Mayme-affiche.jpg\"><img loading=\"lazy\" decoding=\"async\" class=\"aligncenter size-full wp-image-795\" title=\"Saint-Mayme affiche\" src=\"http:\/\/www.mandolin-tempo-bordeaux.fr\/wp-content\/uploads\/2018\/10\/Saint-Mayme-affiche.jpg\" alt=\"\" width=\"678\" height=\"959\" srcset=\"http:\/\/www.mandolin-tempo-bordeaux.fr\/wp-content\/uploads\/2018\/10\/Saint-Mayme-affiche.jpg 678w, http:\/\/www.mandolin-tempo-bordeaux.fr\/wp-content\/uploads\/2018\/10\/Saint-Mayme-affiche-212x300.jpg 212w\" sizes=\"auto, (max-width: 678px) 100vw, 678px\" \/><\/a><\/p>\n<p><a href=\"http:\/\/www.mandolin-tempo-bordeaux.fr\/wp-content\/uploads\/2018\/10\/St-Mayme-presse.jpg\"><img loading=\"lazy\" decoding=\"async\" class=\"aligncenter size-full wp-image-796\" title=\"St Mayme presse\" src=\"http:\/\/www.mandolin-tempo-bordeaux.fr\/wp-content\/uploads\/2018\/10\/St-Mayme-presse.jpg\" alt=\"\" width=\"560\" height=\"814\" srcset=\"http:\/\/www.mandolin-tempo-bordeaux.fr\/wp-content\/uploads\/2018\/10\/St-Mayme-presse.jpg 560w, http:\/\/www.mandolin-tempo-bordeaux.fr\/wp-content\/uploads\/2018\/10\/St-Mayme-presse-206x300.jpg 206w\" sizes=\"auto, (max-width: 560px) 100vw, 560px\" \/><\/a><\/p>\n","protected":false},"excerpt":{"rendered":"<p>Pr\u00e8s de Bergerac, petite chapelle du XI\u00e8me si\u00e8cle, lieu de passage des p\u00e8lerins de St Jacques de Compostelle, et lieu de concert de Mandol&rsquo;In Tempo\u00a0 \u00a0 \u00a0 \u00a0 \u00a0 \u00a0 \u00a0 \u00a0 \u00a0 \u00a0le 07 juillet 2018 \u00e0 17 heures &hellip; <a href=\"http:\/\/www.mandolin-tempo-bordeaux.fr\/?p=786\">Continuer la lecture <span class=\"meta-nav\">&rarr;<\/span><\/a><\/p>\n","protected":false},"author":3,"featured_media":0,"comment_status":"open","ping_status":"open","sticky":false,"template":"","format":"standard","meta":{"ngg_post_thumbnail":0,"footnotes":""},"categories":[9],"tags":[],"class_list":["post-786","post","type-post","status-publish","format-standard","hentry","category-concerts"],"_links":{"self":[{"href":"http:\/\/www.mandolin-tempo-bordeaux.fr\/index.php?rest_route=\/wp\/v2\/posts\/786","targetHints":{"allow":["GET"]}}],"collection":[{"href":"http:\/\/www.mandolin-tempo-bordeaux.fr\/index.php?rest_route=\/wp\/v2\/posts"}],"about":[{"href":"http:\/\/www.mandolin-tempo-bordeaux.fr\/index.php?rest_route=\/wp\/v2\/types\/post"}],"author":[{"embeddable":true,"href":"http:\/\/www.mandolin-tempo-bordeaux.fr\/index.php?rest_route=\/wp\/v2\/users\/3"}],"replies":[{"embeddable":true,"href":"http:\/\/www.mandolin-tempo-bordeaux.fr\/index.php?rest_route=%2Fwp%2Fv2%2Fcomments&post=786"}],"version-history":[{"count":11,"href":"http:\/\/www.mandolin-tempo-bordeaux.fr\/index.php?rest_route=\/wp\/v2\/posts\/786\/revisions"}],"predecessor-version":[{"id":806,"href":"http:\/\/www.mandolin-tempo-bordeaux.fr\/index.php?rest_route=\/wp\/v2\/posts\/786\/revisions\/806"}],"wp:attachment":[{"href":"http:\/\/www.mandolin-tempo-bordeaux.fr\/index.php?rest_route=%2Fwp%2Fv2%2Fmedia&parent=786"}],"wp:term":[{"taxonomy":"category","embeddable":true,"href":"http:\/\/www.mandolin-tempo-bordeaux.fr\/index.php?rest_route=%2Fwp%2Fv2%2Fcategories&post=786"},{"taxonomy":"post_tag","embeddable":true,"href":"http:\/\/www.mandolin-tempo-bordeaux.fr\/index.php?rest_route=%2Fwp%2Fv2%2Ftags&post=786"}],"curies":[{"name":"wp","href":"https:\/\/api.w.org\/{rel}","templated":true}]}}