{"id":837,"date":"2022-03-28T07:57:47","date_gmt":"2022-03-28T07:57:47","guid":{"rendered":"http:\/\/www.mandolin-tempo-bordeaux.fr\/?p=837"},"modified":"2023-03-13T17:19:14","modified_gmt":"2023-03-13T17:19:14","slug":"concert-au-champ-de-foire-a-saint-andre-de-cubzac-samedi-2-avril-22-a-2030","status":"publish","type":"post","link":"http:\/\/www.mandolin-tempo-bordeaux.fr\/?p=837","title":{"rendered":"Concert au Champ de foire \u00e0 Saint Andr\u00e9 de Cubzac samedi 2 avril 22 \u00e0 20:30"},"content":{"rendered":"<p>Le concert de l&rsquo;ann\u00e9e derni\u00e8re ayant \u00e9t\u00e9 annul\u00e9 pour cause de Covid, nous remettons \u00e7a samedi 2 avril avec la chorale \u00ab\u00a0La Voli\u00e8re\u00a0\u00bb !<\/p>\n<p>Chants portugais, espagnols, etc. r\u00e9volutionnaires ou amoureux, de quoi r\u00e9galer vos oreilles !<\/p>\n<p><img decoding=\"async\" class=\"alignnone size-medium \" src=\"http:\/\/www.mandolin-tempo-bordeaux.fr\/wp-content\/uploads\/2022\/03\/affiche-concert-02042022-VF.png\" alt=\"\" width=\"640\"><\/p>\n<p>&nbsp;<\/p>\n","protected":false},"excerpt":{"rendered":"<p>Le concert de l&rsquo;ann\u00e9e derni\u00e8re ayant \u00e9t\u00e9 annul\u00e9 pour cause de Covid, nous remettons \u00e7a samedi 2 avril avec la chorale \u00ab\u00a0La Voli\u00e8re\u00a0\u00bb ! Chants portugais, espagnols, etc. r\u00e9volutionnaires ou amoureux, de quoi r\u00e9galer vos oreilles ! &nbsp;<\/p>\n","protected":false},"author":4,"featured_media":0,"comment_status":"open","ping_status":"open","sticky":false,"template":"","format":"standard","meta":{"ngg_post_thumbnail":0,"footnotes":""},"categories":[1],"tags":[],"class_list":["post-837","post","type-post","status-publish","format-standard","hentry","category-photos"],"_links":{"self":[{"href":"http:\/\/www.mandolin-tempo-bordeaux.fr\/index.php?rest_route=\/wp\/v2\/posts\/837","targetHints":{"allow":["GET"]}}],"collection":[{"href":"http:\/\/www.mandolin-tempo-bordeaux.fr\/index.php?rest_route=\/wp\/v2\/posts"}],"about":[{"href":"http:\/\/www.mandolin-tempo-bordeaux.fr\/index.php?rest_route=\/wp\/v2\/types\/post"}],"author":[{"embeddable":true,"href":"http:\/\/www.mandolin-tempo-bordeaux.fr\/index.php?rest_route=\/wp\/v2\/users\/4"}],"replies":[{"embeddable":true,"href":"http:\/\/www.mandolin-tempo-bordeaux.fr\/index.php?rest_route=%2Fwp%2Fv2%2Fcomments&post=837"}],"version-history":[{"count":10,"href":"http:\/\/www.mandolin-tempo-bordeaux.fr\/index.php?rest_route=\/wp\/v2\/posts\/837\/revisions"}],"predecessor-version":[{"id":900,"href":"http:\/\/www.mandolin-tempo-bordeaux.fr\/index.php?rest_route=\/wp\/v2\/posts\/837\/revisions\/900"}],"wp:attachment":[{"href":"http:\/\/www.mandolin-tempo-bordeaux.fr\/index.php?rest_route=%2Fwp%2Fv2%2Fmedia&parent=837"}],"wp:term":[{"taxonomy":"category","embeddable":true,"href":"http:\/\/www.mandolin-tempo-bordeaux.fr\/index.php?rest_route=%2Fwp%2Fv2%2Fcategories&post=837"},{"taxonomy":"post_tag","embeddable":true,"href":"http:\/\/www.mandolin-tempo-bordeaux.fr\/index.php?rest_route=%2Fwp%2Fv2%2Ftags&post=837"}],"curies":[{"name":"wp","href":"https:\/\/api.w.org\/{rel}","templated":true}]}}