{"id":937,"date":"2024-05-27T15:48:46","date_gmt":"2024-05-27T15:48:46","guid":{"rendered":"https:\/\/www.mandolin-tempo-bordeaux.fr\/?p=937"},"modified":"2024-08-29T14:02:46","modified_gmt":"2024-08-29T14:02:46","slug":"concert-du-06-avril-2024","status":"publish","type":"post","link":"http:\/\/www.mandolin-tempo-bordeaux.fr\/?p=937","title":{"rendered":"Concert du 06 avril 2024"},"content":{"rendered":"<p style=\"text-align: center;\"><strong><span style=\"font-size: 12pt; color: #993366;\"><em>Mandol&rsquo;In Tempo invite l&rsquo;Orchestre \u00e0 Plectres des C\u00f4teaux de Gironde \u00e0 se produire en concert \u00e0 St Andr\u00e9 de Cubzac.&nbsp;<\/em><\/span><\/strong><\/p>\n<p><img loading=\"lazy\" decoding=\"async\" class=\"alignright size-full wp-image-957\" src=\"http:\/\/www.mandolin-tempo-bordeaux.fr\/wp-content\/uploads\/2024\/05\/Affiche-concert-avril-2024-.jpg\" alt=\"\" width=\"794\" height=\"1123\" srcset=\"http:\/\/www.mandolin-tempo-bordeaux.fr\/wp-content\/uploads\/2024\/05\/Affiche-concert-avril-2024-.jpg 794w, http:\/\/www.mandolin-tempo-bordeaux.fr\/wp-content\/uploads\/2024\/05\/Affiche-concert-avril-2024--212x300.jpg 212w, http:\/\/www.mandolin-tempo-bordeaux.fr\/wp-content\/uploads\/2024\/05\/Affiche-concert-avril-2024--724x1024.jpg 724w, http:\/\/www.mandolin-tempo-bordeaux.fr\/wp-content\/uploads\/2024\/05\/Affiche-concert-avril-2024--768x1086.jpg 768w\" sizes=\"auto, (max-width: 794px) 100vw, 794px\" \/><\/p>\n<p>&nbsp;<\/p>\n<p>&nbsp;<\/p>\n<p>&nbsp;<\/p>\n<p>&nbsp;<\/p>\n<p>&nbsp;<\/p>\n<p>&nbsp;<\/p>\n<p>&nbsp;<\/p>\n<p>&nbsp;<\/p>\n<p>&nbsp;<\/p>\n<p>&nbsp;<\/p>\n<p>&nbsp;<\/p>\n<p>&nbsp;<\/p>\n<p>&nbsp;<\/p>\n<p>&nbsp;<\/p>\n<p>&nbsp;<\/p>\n<p>&nbsp;<\/p>\n<p>&nbsp;<\/p>\n<p style=\"text-align: center;\">&nbsp;<\/p>\n<p style=\"text-align: center;\"><em><span style=\"font-size: 14pt;\"><span style=\"color: #993366;\"><figure class=\"wp-block-embed wp-block-embed-youtube is-type-video is-provider-youtube epyt-figure\"><div class=\"wp-block-embed__wrapper\"><iframe loading=\"lazy\"  id=\"_ytid_67464\"  width=\"584\" height=\"329\"  data-origwidth=\"584\" data-origheight=\"329\" src=\"https:\/\/www.youtube.com\/embed\/wN82gf0u5iw?enablejsapi=1&autoplay=0&cc_load_policy=0&cc_lang_pref=&iv_load_policy=1&loop=0&rel=1&fs=1&playsinline=0&autohide=2&theme=dark&color=red&controls=1&disablekb=0&\" class=\"__youtube_prefs__  no-lazyload\" title=\"YouTube player\"  allow=\"fullscreen; accelerometer; autoplay; clipboard-write; encrypted-media; gyroscope; picture-in-picture; web-share\" referrerpolicy=\"strict-origin-when-cross-origin\" allowfullscreen data-no-lazy=\"1\" data-skipgform_ajax_framebjll=\"\"><\/iframe><\/div><\/figure><\/span><\/span><\/em><\/p>\n<p style=\"text-align: center;\">&nbsp;<\/p>\n<div style=\"width: 584px;\" class=\"wp-video\"><video class=\"wp-video-shortcode\" id=\"video-937-1\" width=\"584\" height=\"329\" preload=\"metadata\" controls=\"controls\"><source type=\"video\/mp4\" src=\"http:\/\/www.mandolin-tempo-bordeaux.fr\/wp-content\/uploads\/2024\/05\/VID-20240407-WA0016.mp4?_=1\" \/><a href=\"http:\/\/www.mandolin-tempo-bordeaux.fr\/wp-content\/uploads\/2024\/05\/VID-20240407-WA0016.mp4\">http:\/\/www.mandolin-tempo-bordeaux.fr\/wp-content\/uploads\/2024\/05\/VID-20240407-WA0016.mp4<\/a><\/video><\/div>\n<p style=\"text-align: center;\"><em><span style=\"font-size: 14pt;\"><span style=\"color: #993366;\">LE CLAN DES SICILIENS &#8211; Ennio Morricone<\/span><\/span><\/em><\/p>\n<div style=\"width: 584px;\" class=\"wp-video\"><video class=\"wp-video-shortcode\" id=\"video-937-2\" width=\"584\" height=\"329\" preload=\"metadata\" controls=\"controls\"><source type=\"video\/mp4\" src=\"http:\/\/www.mandolin-tempo-bordeaux.fr\/wp-content\/uploads\/2024\/05\/Marianella.mp4?_=2\" \/><a href=\"http:\/\/www.mandolin-tempo-bordeaux.fr\/wp-content\/uploads\/2024\/05\/Marianella.mp4\">http:\/\/www.mandolin-tempo-bordeaux.fr\/wp-content\/uploads\/2024\/05\/Marianella.mp4<\/a><\/video><\/div>\n<p style=\"text-align: center;\"><span style=\"font-size: 14pt; color: #993366;\">MARIANELLA &#8211; S\u00e9r\u00e9nade V\u00e9nitienne (Fox-Trot), Marcel Anella<\/span><\/p>\n<p>&nbsp;<\/p>\n<p>&nbsp;<\/p>\n","protected":false},"excerpt":{"rendered":"<p>Mandol&rsquo;In Tempo invite l&rsquo;Orchestre \u00e0 Plectres des C\u00f4teaux de Gironde \u00e0 se produire en concert \u00e0 St Andr\u00e9 de Cubzac.&nbsp; &nbsp; &nbsp; &nbsp; &nbsp; &nbsp; &nbsp; &nbsp; &nbsp; &nbsp; &nbsp; &nbsp; &nbsp; &nbsp; &nbsp; &nbsp; &nbsp; &nbsp; &nbsp; &nbsp; LE &hellip; <a href=\"http:\/\/www.mandolin-tempo-bordeaux.fr\/?p=937\">Continuer la lecture <span class=\"meta-nav\">&rarr;<\/span><\/a><\/p>\n","protected":false},"author":3,"featured_media":0,"comment_status":"open","ping_status":"open","sticky":false,"template":"","format":"standard","meta":{"ngg_post_thumbnail":0,"footnotes":""},"categories":[1],"tags":[],"class_list":["post-937","post","type-post","status-publish","format-standard","hentry","category-photos"],"_links":{"self":[{"href":"http:\/\/www.mandolin-tempo-bordeaux.fr\/index.php?rest_route=\/wp\/v2\/posts\/937","targetHints":{"allow":["GET"]}}],"collection":[{"href":"http:\/\/www.mandolin-tempo-bordeaux.fr\/index.php?rest_route=\/wp\/v2\/posts"}],"about":[{"href":"http:\/\/www.mandolin-tempo-bordeaux.fr\/index.php?rest_route=\/wp\/v2\/types\/post"}],"author":[{"embeddable":true,"href":"http:\/\/www.mandolin-tempo-bordeaux.fr\/index.php?rest_route=\/wp\/v2\/users\/3"}],"replies":[{"embeddable":true,"href":"http:\/\/www.mandolin-tempo-bordeaux.fr\/index.php?rest_route=%2Fwp%2Fv2%2Fcomments&post=937"}],"version-history":[{"count":10,"href":"http:\/\/www.mandolin-tempo-bordeaux.fr\/index.php?rest_route=\/wp\/v2\/posts\/937\/revisions"}],"predecessor-version":[{"id":958,"href":"http:\/\/www.mandolin-tempo-bordeaux.fr\/index.php?rest_route=\/wp\/v2\/posts\/937\/revisions\/958"}],"wp:attachment":[{"href":"http:\/\/www.mandolin-tempo-bordeaux.fr\/index.php?rest_route=%2Fwp%2Fv2%2Fmedia&parent=937"}],"wp:term":[{"taxonomy":"category","embeddable":true,"href":"http:\/\/www.mandolin-tempo-bordeaux.fr\/index.php?rest_route=%2Fwp%2Fv2%2Fcategories&post=937"},{"taxonomy":"post_tag","embeddable":true,"href":"http:\/\/www.mandolin-tempo-bordeaux.fr\/index.php?rest_route=%2Fwp%2Fv2%2Ftags&post=937"}],"curies":[{"name":"wp","href":"https:\/\/api.w.org\/{rel}","templated":true}]}}