{"id":979,"date":"2025-06-15T22:03:42","date_gmt":"2025-06-15T22:03:42","guid":{"rendered":"http:\/\/www.mandolin-tempo-bordeaux.fr\/?p=979"},"modified":"2025-06-15T22:03:42","modified_gmt":"2025-06-15T22:03:42","slug":"concert-a-cazats","status":"publish","type":"post","link":"http:\/\/www.mandolin-tempo-bordeaux.fr\/?p=979","title":{"rendered":"Concert \u00e0 Cazats"},"content":{"rendered":"<p style=\"text-align: center;\"><em><span style=\"color: #333399; font-size: 14pt;\">De Florence \u00e0 Paris, d&rsquo;Ath\u00e8nes \u00e0 Mexico, <\/span><\/em><\/p>\n<p style=\"text-align: center;\"><em><span style=\"color: #333399; font-size: 14pt;\">&nbsp;un voyage musical magique aux quatre coins du globe&nbsp;<\/span><\/em><\/p>\n<p style=\"text-align: center;\"><em><span style=\"color: #333399; font-size: 14pt;\">Et puis des chants du monde, avec la chorale d&rsquo;Auros<\/span><\/em><\/p>\n<p>&nbsp;<\/p>\n<p><a href=\"http:\/\/www.mandolin-tempo-bordeaux.fr\/wp-content\/uploads\/2025\/06\/Cazats3-1.jpg\"><img loading=\"lazy\" decoding=\"async\" class=\"alignnone size-large wp-image-980\" src=\"http:\/\/www.mandolin-tempo-bordeaux.fr\/wp-content\/uploads\/2025\/06\/Cazats3-1-724x1024.jpg\" alt=\"\" width=\"584\" height=\"826\" srcset=\"http:\/\/www.mandolin-tempo-bordeaux.fr\/wp-content\/uploads\/2025\/06\/Cazats3-1-724x1024.jpg 724w, http:\/\/www.mandolin-tempo-bordeaux.fr\/wp-content\/uploads\/2025\/06\/Cazats3-1-212x300.jpg 212w, http:\/\/www.mandolin-tempo-bordeaux.fr\/wp-content\/uploads\/2025\/06\/Cazats3-1-768x1087.jpg 768w, http:\/\/www.mandolin-tempo-bordeaux.fr\/wp-content\/uploads\/2025\/06\/Cazats3-1-1086x1536.jpg 1086w, http:\/\/www.mandolin-tempo-bordeaux.fr\/wp-content\/uploads\/2025\/06\/Cazats3-1-1447x2048.jpg 1447w, http:\/\/www.mandolin-tempo-bordeaux.fr\/wp-content\/uploads\/2025\/06\/Cazats3-1.jpg 1653w\" sizes=\"auto, (max-width: 584px) 100vw, 584px\" \/><\/a><\/p>\n<p>&nbsp;<\/p>\n<p>&nbsp;<\/p>\n<p>&nbsp;<\/p>\n<p>&nbsp;<\/p>\n","protected":false},"excerpt":{"rendered":"<p>De Florence \u00e0 Paris, d&rsquo;Ath\u00e8nes \u00e0 Mexico, &nbsp;un voyage musical magique aux quatre coins du globe&nbsp; Et puis des chants du monde, avec la chorale d&rsquo;Auros &nbsp; &nbsp; &nbsp; &nbsp; &nbsp;<\/p>\n","protected":false},"author":3,"featured_media":0,"comment_status":"open","ping_status":"open","sticky":false,"template":"","format":"standard","meta":{"ngg_post_thumbnail":0,"footnotes":""},"categories":[9],"tags":[],"class_list":["post-979","post","type-post","status-publish","format-standard","hentry","category-concerts"],"_links":{"self":[{"href":"http:\/\/www.mandolin-tempo-bordeaux.fr\/index.php?rest_route=\/wp\/v2\/posts\/979","targetHints":{"allow":["GET"]}}],"collection":[{"href":"http:\/\/www.mandolin-tempo-bordeaux.fr\/index.php?rest_route=\/wp\/v2\/posts"}],"about":[{"href":"http:\/\/www.mandolin-tempo-bordeaux.fr\/index.php?rest_route=\/wp\/v2\/types\/post"}],"author":[{"embeddable":true,"href":"http:\/\/www.mandolin-tempo-bordeaux.fr\/index.php?rest_route=\/wp\/v2\/users\/3"}],"replies":[{"embeddable":true,"href":"http:\/\/www.mandolin-tempo-bordeaux.fr\/index.php?rest_route=%2Fwp%2Fv2%2Fcomments&post=979"}],"version-history":[{"count":1,"href":"http:\/\/www.mandolin-tempo-bordeaux.fr\/index.php?rest_route=\/wp\/v2\/posts\/979\/revisions"}],"predecessor-version":[{"id":981,"href":"http:\/\/www.mandolin-tempo-bordeaux.fr\/index.php?rest_route=\/wp\/v2\/posts\/979\/revisions\/981"}],"wp:attachment":[{"href":"http:\/\/www.mandolin-tempo-bordeaux.fr\/index.php?rest_route=%2Fwp%2Fv2%2Fmedia&parent=979"}],"wp:term":[{"taxonomy":"category","embeddable":true,"href":"http:\/\/www.mandolin-tempo-bordeaux.fr\/index.php?rest_route=%2Fwp%2Fv2%2Fcategories&post=979"},{"taxonomy":"post_tag","embeddable":true,"href":"http:\/\/www.mandolin-tempo-bordeaux.fr\/index.php?rest_route=%2Fwp%2Fv2%2Ftags&post=979"}],"curies":[{"name":"wp","href":"https:\/\/api.w.org\/{rel}","templated":true}]}}