{"id":990,"date":"2026-04-22T10:06:20","date_gmt":"2026-04-22T10:06:20","guid":{"rendered":"http:\/\/www.mandolin-tempo-bordeaux.fr\/?p=990"},"modified":"2026-04-22T10:09:46","modified_gmt":"2026-04-22T10:09:46","slug":"concert-samedi-25-avril-2026","status":"publish","type":"post","link":"http:\/\/www.mandolin-tempo-bordeaux.fr\/?p=990","title":{"rendered":"CONCERT SAMEDI 25 AVRIL 2026"},"content":{"rendered":"<p style=\"text-align: center;\"><strong><em><span style=\"font-size: 14pt; color: #993366;\">CHAMP DE FOIRE \u00e0 St Andr\u00e9 de Cubzac<\/span><\/em><\/strong><\/p>\n<p style=\"text-align: center;\"><span style=\"color: #993366;\"><em><span style=\"font-size: 14pt;\">Mandol&rsquo;In Tempo et Alice Montalescot, nouvelle professeure de mandoline \u00e0 l&rsquo;\u00e9cole de musique, et soliste.<\/span><\/em><\/span><\/p>\n<p><img loading=\"lazy\" decoding=\"async\" class=\"alignright size-full wp-image-991\" src=\"http:\/\/www.mandolin-tempo-bordeaux.fr\/wp-content\/uploads\/2026\/04\/Affiche-concert-25-avril-version-5-2.jpg\" alt=\"\" width=\"724\" height=\"1024\" srcset=\"http:\/\/www.mandolin-tempo-bordeaux.fr\/wp-content\/uploads\/2026\/04\/Affiche-concert-25-avril-version-5-2.jpg 724w, http:\/\/www.mandolin-tempo-bordeaux.fr\/wp-content\/uploads\/2026\/04\/Affiche-concert-25-avril-version-5-2-212x300.jpg 212w\" sizes=\"auto, (max-width: 724px) 100vw, 724px\" \/><\/p>\n","protected":false},"excerpt":{"rendered":"<p>CHAMP DE FOIRE \u00e0 St Andr\u00e9 de Cubzac Mandol&rsquo;In Tempo et Alice Montalescot, nouvelle professeure de mandoline \u00e0 l&rsquo;\u00e9cole de musique, et soliste.<\/p>\n","protected":false},"author":3,"featured_media":0,"comment_status":"open","ping_status":"open","sticky":false,"template":"","format":"standard","meta":{"ngg_post_thumbnail":0,"footnotes":""},"categories":[1],"tags":[],"class_list":["post-990","post","type-post","status-publish","format-standard","hentry","category-photos"],"_links":{"self":[{"href":"http:\/\/www.mandolin-tempo-bordeaux.fr\/index.php?rest_route=\/wp\/v2\/posts\/990","targetHints":{"allow":["GET"]}}],"collection":[{"href":"http:\/\/www.mandolin-tempo-bordeaux.fr\/index.php?rest_route=\/wp\/v2\/posts"}],"about":[{"href":"http:\/\/www.mandolin-tempo-bordeaux.fr\/index.php?rest_route=\/wp\/v2\/types\/post"}],"author":[{"embeddable":true,"href":"http:\/\/www.mandolin-tempo-bordeaux.fr\/index.php?rest_route=\/wp\/v2\/users\/3"}],"replies":[{"embeddable":true,"href":"http:\/\/www.mandolin-tempo-bordeaux.fr\/index.php?rest_route=%2Fwp%2Fv2%2Fcomments&post=990"}],"version-history":[{"count":4,"href":"http:\/\/www.mandolin-tempo-bordeaux.fr\/index.php?rest_route=\/wp\/v2\/posts\/990\/revisions"}],"predecessor-version":[{"id":995,"href":"http:\/\/www.mandolin-tempo-bordeaux.fr\/index.php?rest_route=\/wp\/v2\/posts\/990\/revisions\/995"}],"wp:attachment":[{"href":"http:\/\/www.mandolin-tempo-bordeaux.fr\/index.php?rest_route=%2Fwp%2Fv2%2Fmedia&parent=990"}],"wp:term":[{"taxonomy":"category","embeddable":true,"href":"http:\/\/www.mandolin-tempo-bordeaux.fr\/index.php?rest_route=%2Fwp%2Fv2%2Fcategories&post=990"},{"taxonomy":"post_tag","embeddable":true,"href":"http:\/\/www.mandolin-tempo-bordeaux.fr\/index.php?rest_route=%2Fwp%2Fv2%2Ftags&post=990"}],"curies":[{"name":"wp","href":"https:\/\/api.w.org\/{rel}","templated":true}]}}